{"id":8217,"date":"2026-02-25T14:26:19","date_gmt":"2026-02-25T14:26:19","guid":{"rendered":"https:\/\/www.feminafootball.com\/?p=8217"},"modified":"2026-02-25T14:26:19","modified_gmt":"2026-02-25T14:26:19","slug":"colombia-en-la-shebelieves-cup","status":"publish","type":"post","link":"https:\/\/www.feminafootball.com\/en\/lo_ultimo\/colombia-en-la-shebelieves-cup\/","title":{"rendered":"Colombia en la SheBelieves Cup"},"content":{"rendered":"<p>Foto de portada: FCF.<\/p>\n<p style=\"text-align: justify\">La edici\u00f3n 2026, ser\u00e1 la segunda edici\u00f3n de la SheBelieves Cup en que participe la Selecci\u00f3n Colombia Femenina de mayores. En esta nota, conoceremos algo m\u00e1s de la participaci\u00f3n de La Sele en este torneo y los juegos clase A ante sus rivales de este a\u00f1o.<\/p>\n<p>\u00a0<\/p>\n<h2><strong><em>El debut en 2025<\/em><\/strong><\/h2>\n<p><img fetchpriority=\"high\" decoding=\"async\" class=\"size-full wp-image-8219 aligncenter\" src=\"https:\/\/www.feminafootball.com\/wp-content\/uploads\/2026\/02\/2.-Seleccion-Colombia-Femenina-vs.-Australia-26-de-febrero-768x511-1.jpg\" alt=\"\" width=\"768\" height=\"511\" srcset=\"https:\/\/www.feminafootball.com\/wp-content\/uploads\/2026\/02\/2.-Seleccion-Colombia-Femenina-vs.-Australia-26-de-febrero-768x511-1.jpg 768w, https:\/\/www.feminafootball.com\/wp-content\/uploads\/2026\/02\/2.-Seleccion-Colombia-Femenina-vs.-Australia-26-de-febrero-768x511-1-300x200.jpg 300w, https:\/\/www.feminafootball.com\/wp-content\/uploads\/2026\/02\/2.-Seleccion-Colombia-Femenina-vs.-Australia-26-de-febrero-768x511-1-18x12.jpg 18w\" sizes=\"(max-width: 768px) 100vw, 768px\" \/><\/p>\n<p style=\"text-align: center\">Foto: FCF.<\/p>\n<p style=\"text-align: justify\">Colombia jug\u00f3 la edici\u00f3n del a\u00f1o anterior donde sum\u00f3 dos derrotas y una victoria. La primera salida fue el 20 de febrero ante Estados Unidos y se perdi\u00f3 por 0-2. El segundo compromiso fue el 23 de febrero frente a su similar de Jap\u00f3n con derrota 1-4, anotando para la tricolor, Linda Caicedo. Se salv\u00f3 el honor el 26 de febrero contra Australia al ganar por 2-1, anotando para Colombia Wendy Bonilla y Catalina Usme.<\/p>\n<p>\u00a0<\/p>\n<h2><strong><em>Pocas victorias en la historia ante sus rivales en 2026<\/em><\/strong><\/h2>\n<p><img decoding=\"async\" class=\"size-full wp-image-8220 aligncenter\" src=\"https:\/\/www.feminafootball.com\/wp-content\/uploads\/2026\/02\/image-1.webp\" alt=\"\" width=\"740\" height=\"416\" srcset=\"https:\/\/www.feminafootball.com\/wp-content\/uploads\/2026\/02\/image-1.webp 740w, https:\/\/www.feminafootball.com\/wp-content\/uploads\/2026\/02\/image-1-300x169.webp 300w, https:\/\/www.feminafootball.com\/wp-content\/uploads\/2026\/02\/image-1-18x10.webp 18w\" sizes=\"(max-width: 740px) 100vw, 740px\" \/><\/p>\n<p style=\"text-align: center\">Foto: Getty Images.<\/p>\n<p style=\"text-align: justify\">Juntando el historial en partidos clase A de FIFA a los tres rivales de esta edici\u00f3n (Canad\u00e1, Argentina y Estados Unidos), Colombia en el global ha jugado 33 partidos, solo gan\u00f3 4 partidos (17 goles marcados), empat\u00f3 10 y perdi\u00f3 19 (66 goles recibidos).<\/p>\n<p style=\"text-align: justify\">As\u00ed va desmenuzado:<\/p>\n<p style=\"text-align: justify\">* Canad\u00e1: 4 PJ, 1 PG, 0 PE, 3 PP, 2 GF, 4 GC, 3 PTS, Ren: 25%<\/p>\n<p style=\"text-align: justify\">* Argentina: 15 PJ, 3 PG, 8 PE, 4 PP, 13 GF, 19 GC, 17 PTS, Ren: 37.78%<\/p>\n<p style=\"text-align: justify\">* Estados Unidos: 14 PJ, 0 PG, 2 PE, 12 PP, 2 GF, 43 GC, 2 PTS, Ren: 4.76%<\/p>\n<p>\u00a0<\/p>\n<h2><strong><em>La tricolor defiende su invicto<\/em><\/strong><\/h2>\n<p><img decoding=\"async\" class=\"size-full wp-image-8221 aligncenter\" src=\"https:\/\/www.feminafootball.com\/wp-content\/uploads\/2026\/02\/IH7CVOLQA5C55DJVB5EXKO2DG4.jpg\" alt=\"\" width=\"920\" height=\"613\" srcset=\"https:\/\/www.feminafootball.com\/wp-content\/uploads\/2026\/02\/IH7CVOLQA5C55DJVB5EXKO2DG4.jpg 920w, https:\/\/www.feminafootball.com\/wp-content\/uploads\/2026\/02\/IH7CVOLQA5C55DJVB5EXKO2DG4-300x200.jpg 300w, https:\/\/www.feminafootball.com\/wp-content\/uploads\/2026\/02\/IH7CVOLQA5C55DJVB5EXKO2DG4-768x512.jpg 768w, https:\/\/www.feminafootball.com\/wp-content\/uploads\/2026\/02\/IH7CVOLQA5C55DJVB5EXKO2DG4-18x12.jpg 18w\" sizes=\"(max-width: 920px) 100vw, 920px\" \/><\/p>\n<p style=\"text-align: center\">Foto: agencia EFE.<\/p>\n<p style=\"text-align: justify\">Colombia en su debut ante Canad\u00e1 defender\u00e1 9 fechas sin conocer la derrota en partidos clase A femeninos, producto de 4 partidos ganados y 5 empatados.<\/p>","protected":false},"excerpt":{"rendered":"<p>Segunda edici\u00f3n en que participar\u00e1 el seleccionado colombiano de mayores.<\/p>","protected":false},"author":6,"featured_media":8218,"comment_status":"closed","ping_status":"closed","sticky":false,"template":"","format":"standard","meta":{"footnotes":""},"categories":[1],"tags":[],"class_list":["post-8217","post","type-post","status-publish","format-standard","has-post-thumbnail","hentry","category-lo_ultimo"],"yoast_head":"<!-- This site is optimized with the Yoast SEO plugin v22.1 - https:\/\/yoast.com\/wordpress\/plugins\/seo\/ -->\n<title>Colombia en la SheBelieves Cup - feminafootball<\/title>\n<meta name=\"robots\" content=\"index, follow, max-snippet:-1, max-image-preview:large, max-video-preview:-1\" \/>\n<link rel=\"canonical\" href=\"https:\/\/www.feminafootball.com\/en\/lo_ultimo\/colombia-en-la-shebelieves-cup\/\" \/>\n<meta property=\"og:locale\" content=\"en_US\" \/>\n<meta property=\"og:type\" content=\"article\" \/>\n<meta property=\"og:title\" content=\"Colombia en la SheBelieves Cup - feminafootball\" \/>\n<meta property=\"og:description\" content=\"Segunda edici\u00f3n en que participar\u00e1 el seleccionado colombiano de mayores.\" \/>\n<meta property=\"og:url\" content=\"https:\/\/www.feminafootball.com\/en\/lo_ultimo\/colombia-en-la-shebelieves-cup\/\" \/>\n<meta property=\"og:site_name\" content=\"feminafootball\" \/>\n<meta property=\"article:published_time\" content=\"2026-02-25T14:26:19+00:00\" \/>\n<meta property=\"og:image\" content=\"https:\/\/www.feminafootball.com\/wp-content\/uploads\/2026\/02\/1.-Seleccion-Colombia-Femenina-vs.-Australia-26-de-febrero-768x511-1.jpg\" \/>\n\t<meta property=\"og:image:width\" content=\"768\" \/>\n\t<meta property=\"og:image:height\" content=\"511\" \/>\n\t<meta property=\"og:image:type\" content=\"image\/jpeg\" \/>\n<meta name=\"author\" content=\"Rey Buitrago\" \/>\n<meta name=\"twitter:card\" content=\"summary_large_image\" \/>\n<meta name=\"twitter:label1\" content=\"Written by\" \/>\n\t<meta name=\"twitter:data1\" content=\"Rey Buitrago\" \/>\n\t<meta name=\"twitter:label2\" content=\"Est. reading time\" \/>\n\t<meta name=\"twitter:data2\" content=\"3 minutes\" \/>\n<script type=\"application\/ld+json\" class=\"yoast-schema-graph\">{\"@context\":\"https:\/\/schema.org\",\"@graph\":[{\"@type\":\"Article\",\"@id\":\"https:\/\/www.feminafootball.com\/lo_ultimo\/colombia-en-la-shebelieves-cup\/#article\",\"isPartOf\":{\"@id\":\"https:\/\/www.feminafootball.com\/lo_ultimo\/colombia-en-la-shebelieves-cup\/\"},\"author\":{\"name\":\"Rey Buitrago\",\"@id\":\"https:\/\/www.feminafootball.com\/#\/schema\/person\/6e4fd8696a9cfca177713a52f80353bb\"},\"headline\":\"Colombia en la SheBelieves Cup\",\"datePublished\":\"2026-02-25T14:26:19+00:00\",\"dateModified\":\"2026-02-25T14:26:19+00:00\",\"mainEntityOfPage\":{\"@id\":\"https:\/\/www.feminafootball.com\/lo_ultimo\/colombia-en-la-shebelieves-cup\/\"},\"wordCount\":253,\"publisher\":{\"@id\":\"https:\/\/www.feminafootball.com\/#organization\"},\"articleSection\":[\"Lo \u00faltimo\"],\"inLanguage\":\"en-US\"},{\"@type\":\"WebPage\",\"@id\":\"https:\/\/www.feminafootball.com\/lo_ultimo\/colombia-en-la-shebelieves-cup\/\",\"url\":\"https:\/\/www.feminafootball.com\/lo_ultimo\/colombia-en-la-shebelieves-cup\/\",\"name\":\"Colombia en la SheBelieves Cup - feminafootball\",\"isPartOf\":{\"@id\":\"https:\/\/www.feminafootball.com\/#website\"},\"datePublished\":\"2026-02-25T14:26:19+00:00\",\"dateModified\":\"2026-02-25T14:26:19+00:00\",\"breadcrumb\":{\"@id\":\"https:\/\/www.feminafootball.com\/lo_ultimo\/colombia-en-la-shebelieves-cup\/#breadcrumb\"},\"inLanguage\":\"en-US\",\"potentialAction\":[{\"@type\":\"ReadAction\",\"target\":[\"https:\/\/www.feminafootball.com\/lo_ultimo\/colombia-en-la-shebelieves-cup\/\"]}]},{\"@type\":\"BreadcrumbList\",\"@id\":\"https:\/\/www.feminafootball.com\/lo_ultimo\/colombia-en-la-shebelieves-cup\/#breadcrumb\",\"itemListElement\":[{\"@type\":\"ListItem\",\"position\":1,\"name\":\"Portada\",\"item\":\"https:\/\/www.feminafootball.com\/\"},{\"@type\":\"ListItem\",\"position\":2,\"name\":\"Colombia en la SheBelieves Cup\"}]},{\"@type\":\"WebSite\",\"@id\":\"https:\/\/www.feminafootball.com\/#website\",\"url\":\"https:\/\/www.feminafootball.com\/\",\"name\":\"feminafootball\",\"description\":\"Medio especializado en el cubrimiento internacional de f\u00fatbol femenino\",\"publisher\":{\"@id\":\"https:\/\/www.feminafootball.com\/#organization\"},\"potentialAction\":[{\"@type\":\"SearchAction\",\"target\":{\"@type\":\"EntryPoint\",\"urlTemplate\":\"https:\/\/www.feminafootball.com\/?s={search_term_string}\"},\"query-input\":\"required name=search_term_string\"}],\"inLanguage\":\"en-US\"},{\"@type\":\"Organization\",\"@id\":\"https:\/\/www.feminafootball.com\/#organization\",\"name\":\"feminafootball\",\"url\":\"https:\/\/www.feminafootball.com\/\",\"logo\":{\"@type\":\"ImageObject\",\"inLanguage\":\"en-US\",\"@id\":\"https:\/\/www.feminafootball.com\/#\/schema\/logo\/image\/\",\"url\":\"https:\/\/www.feminafootball.com\/wp-content\/uploads\/2024\/02\/cropped-logo-Femina-Futbol2.png\",\"contentUrl\":\"https:\/\/www.feminafootball.com\/wp-content\/uploads\/2024\/02\/cropped-logo-Femina-Futbol2.png\",\"width\":538,\"height\":534,\"caption\":\"feminafootball\"},\"image\":{\"@id\":\"https:\/\/www.feminafootball.com\/#\/schema\/logo\/image\/\"}},{\"@type\":\"Person\",\"@id\":\"https:\/\/www.feminafootball.com\/#\/schema\/person\/6e4fd8696a9cfca177713a52f80353bb\",\"name\":\"Rey Buitrago\",\"image\":{\"@type\":\"ImageObject\",\"inLanguage\":\"en-US\",\"@id\":\"https:\/\/www.feminafootball.com\/#\/schema\/person\/image\/\",\"url\":\"https:\/\/secure.gravatar.com\/avatar\/bd07eea42581f0a9cbd52c43bbdedd34cea76595c19ab41ace3e97404aa3146e?s=96&d=mm&r=g\",\"contentUrl\":\"https:\/\/secure.gravatar.com\/avatar\/bd07eea42581f0a9cbd52c43bbdedd34cea76595c19ab41ace3e97404aa3146e?s=96&d=mm&r=g\",\"caption\":\"Rey Buitrago\"},\"url\":\"https:\/\/www.feminafootball.com\/en\/author\/rey-buitrago\/\"}]}<\/script>\n<!-- \/ Yoast SEO plugin. -->","yoast_head_json":{"title":"Colombia en la SheBelieves Cup - feminafootball","robots":{"index":"index","follow":"follow","max-snippet":"max-snippet:-1","max-image-preview":"max-image-preview:large","max-video-preview":"max-video-preview:-1"},"canonical":"https:\/\/www.feminafootball.com\/en\/lo_ultimo\/colombia-en-la-shebelieves-cup\/","og_locale":"en_US","og_type":"article","og_title":"Colombia en la SheBelieves Cup - feminafootball","og_description":"Segunda edici\u00f3n en que participar\u00e1 el seleccionado colombiano de mayores.","og_url":"https:\/\/www.feminafootball.com\/en\/lo_ultimo\/colombia-en-la-shebelieves-cup\/","og_site_name":"feminafootball","article_published_time":"2026-02-25T14:26:19+00:00","og_image":[{"width":768,"height":511,"url":"https:\/\/www.feminafootball.com\/wp-content\/uploads\/2026\/02\/1.-Seleccion-Colombia-Femenina-vs.-Australia-26-de-febrero-768x511-1.jpg","type":"image\/jpeg"}],"author":"Rey Buitrago","twitter_card":"summary_large_image","twitter_misc":{"Written by":"Rey Buitrago","Est. reading time":"3 minutes"},"schema":{"@context":"https:\/\/schema.org","@graph":[{"@type":"Article","@id":"https:\/\/www.feminafootball.com\/lo_ultimo\/colombia-en-la-shebelieves-cup\/#article","isPartOf":{"@id":"https:\/\/www.feminafootball.com\/lo_ultimo\/colombia-en-la-shebelieves-cup\/"},"author":{"name":"Rey Buitrago","@id":"https:\/\/www.feminafootball.com\/#\/schema\/person\/6e4fd8696a9cfca177713a52f80353bb"},"headline":"Colombia en la SheBelieves Cup","datePublished":"2026-02-25T14:26:19+00:00","dateModified":"2026-02-25T14:26:19+00:00","mainEntityOfPage":{"@id":"https:\/\/www.feminafootball.com\/lo_ultimo\/colombia-en-la-shebelieves-cup\/"},"wordCount":253,"publisher":{"@id":"https:\/\/www.feminafootball.com\/#organization"},"articleSection":["Lo \u00faltimo"],"inLanguage":"en-US"},{"@type":"WebPage","@id":"https:\/\/www.feminafootball.com\/lo_ultimo\/colombia-en-la-shebelieves-cup\/","url":"https:\/\/www.feminafootball.com\/lo_ultimo\/colombia-en-la-shebelieves-cup\/","name":"Colombia en la SheBelieves Cup - feminafootball","isPartOf":{"@id":"https:\/\/www.feminafootball.com\/#website"},"datePublished":"2026-02-25T14:26:19+00:00","dateModified":"2026-02-25T14:26:19+00:00","breadcrumb":{"@id":"https:\/\/www.feminafootball.com\/lo_ultimo\/colombia-en-la-shebelieves-cup\/#breadcrumb"},"inLanguage":"en-US","potentialAction":[{"@type":"ReadAction","target":["https:\/\/www.feminafootball.com\/lo_ultimo\/colombia-en-la-shebelieves-cup\/"]}]},{"@type":"BreadcrumbList","@id":"https:\/\/www.feminafootball.com\/lo_ultimo\/colombia-en-la-shebelieves-cup\/#breadcrumb","itemListElement":[{"@type":"ListItem","position":1,"name":"Portada","item":"https:\/\/www.feminafootball.com\/"},{"@type":"ListItem","position":2,"name":"Colombia en la SheBelieves Cup"}]},{"@type":"WebSite","@id":"https:\/\/www.feminafootball.com\/#website","url":"https:\/\/www.feminafootball.com\/","name":"feminafootball","description":"Medio especializado en el cubrimiento internacional de f\u00fatbol femenino","publisher":{"@id":"https:\/\/www.feminafootball.com\/#organization"},"potentialAction":[{"@type":"SearchAction","target":{"@type":"EntryPoint","urlTemplate":"https:\/\/www.feminafootball.com\/?s={search_term_string}"},"query-input":"required name=search_term_string"}],"inLanguage":"en-US"},{"@type":"Organization","@id":"https:\/\/www.feminafootball.com\/#organization","name":"feminafootball","url":"https:\/\/www.feminafootball.com\/","logo":{"@type":"ImageObject","inLanguage":"en-US","@id":"https:\/\/www.feminafootball.com\/#\/schema\/logo\/image\/","url":"https:\/\/www.feminafootball.com\/wp-content\/uploads\/2024\/02\/cropped-logo-Femina-Futbol2.png","contentUrl":"https:\/\/www.feminafootball.com\/wp-content\/uploads\/2024\/02\/cropped-logo-Femina-Futbol2.png","width":538,"height":534,"caption":"feminafootball"},"image":{"@id":"https:\/\/www.feminafootball.com\/#\/schema\/logo\/image\/"}},{"@type":"Person","@id":"https:\/\/www.feminafootball.com\/#\/schema\/person\/6e4fd8696a9cfca177713a52f80353bb","name":"Rey Buitrago","image":{"@type":"ImageObject","inLanguage":"en-US","@id":"https:\/\/www.feminafootball.com\/#\/schema\/person\/image\/","url":"https:\/\/secure.gravatar.com\/avatar\/bd07eea42581f0a9cbd52c43bbdedd34cea76595c19ab41ace3e97404aa3146e?s=96&d=mm&r=g","contentUrl":"https:\/\/secure.gravatar.com\/avatar\/bd07eea42581f0a9cbd52c43bbdedd34cea76595c19ab41ace3e97404aa3146e?s=96&d=mm&r=g","caption":"Rey Buitrago"},"url":"https:\/\/www.feminafootball.com\/en\/author\/rey-buitrago\/"}]}},"_links":{"self":[{"href":"https:\/\/www.feminafootball.com\/en\/wp-json\/wp\/v2\/posts\/8217","targetHints":{"allow":["GET"]}}],"collection":[{"href":"https:\/\/www.feminafootball.com\/en\/wp-json\/wp\/v2\/posts"}],"about":[{"href":"https:\/\/www.feminafootball.com\/en\/wp-json\/wp\/v2\/types\/post"}],"author":[{"embeddable":true,"href":"https:\/\/www.feminafootball.com\/en\/wp-json\/wp\/v2\/users\/6"}],"replies":[{"embeddable":true,"href":"https:\/\/www.feminafootball.com\/en\/wp-json\/wp\/v2\/comments?post=8217"}],"version-history":[{"count":2,"href":"https:\/\/www.feminafootball.com\/en\/wp-json\/wp\/v2\/posts\/8217\/revisions"}],"predecessor-version":[{"id":8265,"href":"https:\/\/www.feminafootball.com\/en\/wp-json\/wp\/v2\/posts\/8217\/revisions\/8265"}],"wp:featuredmedia":[{"embeddable":true,"href":"https:\/\/www.feminafootball.com\/en\/wp-json\/wp\/v2\/media\/8218"}],"wp:attachment":[{"href":"https:\/\/www.feminafootball.com\/en\/wp-json\/wp\/v2\/media?parent=8217"}],"wp:term":[{"taxonomy":"category","embeddable":true,"href":"https:\/\/www.feminafootball.com\/en\/wp-json\/wp\/v2\/categories?post=8217"},{"taxonomy":"post_tag","embeddable":true,"href":"https:\/\/www.feminafootball.com\/en\/wp-json\/wp\/v2\/tags?post=8217"}],"curies":[{"name":"wp","href":"https:\/\/api.w.org\/{rel}","templated":true}]}}