{"id":7524,"date":"2026-01-19T22:54:42","date_gmt":"2026-01-19T22:54:42","guid":{"rendered":"https:\/\/www.feminafootball.com\/?p=7524"},"modified":"2026-01-19T22:54:43","modified_gmt":"2026-01-19T22:54:43","slug":"mary-jose-alvarez-olympique-de-marsella","status":"publish","type":"post","link":"https:\/\/www.feminafootball.com\/en\/lo_ultimo\/mary-jose-alvarez-olympique-de-marsella\/","title":{"rendered":"Mary Jos\u00e9 \u00c1lvarez es nueva jugadora del Olympique de Marsella y dar\u00e1 el salto al f\u00fatbol europeo"},"content":{"rendered":"<h2 class=\"wp-block-heading\">La defensora colombiana de 20 a\u00f1os dej\u00f3 Atl\u00e9tico Nacional y fue presentada por el club de Francia, iniciando su primera experiencia en Europa en una transferencia hist\u00f3rica para el f\u00fatbol femenino de Sudam\u00e9rica.<\/h2>\n\n\n\n<p><em>Por Tom\u00e1s Rouge (@tomas.rouge_ok) \/ Foto de portada: @OM_Officiel<\/em><\/p>\n\n\n\n<p>El f\u00fatbol femenino colombiano vuelve a proyectarse en el escenario internacional con la confirmaci\u00f3n de la transferencia de Mary Jos\u00e9 \u00c1lvarez Espitaleta al Olympique de Marsella. A sus 20 a\u00f1os, la defensora cartagenera fue anunciada oficialmente como nueva jugadora del club franc\u00e9s, tras un destacado paso por Atl\u00e9tico Nacional entre 2023 y 2025, en una operaci\u00f3n que vuelve a poner en foco el crecimiento y la exportaci\u00f3n de talento desde Sudam\u00e9rica hacia Europa.<\/p>\n\n\n\n<p>La llegada de \u00c1lvarez al f\u00fatbol franc\u00e9s representa un paso significativo tanto para su carrera personal como para el desarrollo del f\u00fatbol femenino colombiano, que en los \u00faltimos a\u00f1os ha incrementado su presencia en ligas de primer nivel. El Olympique de Marsella confirm\u00f3 su fichaje a trav\u00e9s de sus canales oficiales y destac\u00f3 su perfil internacional: \u201cInternacional colombiana de 20 a\u00f1os, proviene del Atl\u00e9tico Nacional. Finalista de la \u00faltima Copa Am\u00e9rica, llega a Francia nuestro nuevo defensa para poner su juego al servicio del equipo\u201d.<\/p>\n\n\n\n<figure class=\"wp-block-video aligncenter\"><video height=\"1280\" style=\"aspect-ratio: 720 \/ 1280;\" width=\"720\" controls src=\"https:\/\/www.feminafootball.com\/wp-content\/uploads\/2026\/01\/ssstwitter.com_1768863087339-1.mp4\"><\/video><figcaption class=\"wp-element-caption\"><em>El video de presentaci\u00f3n de Mary Jos\u00e9 \u00c1lvarez en Francia (Video: @OMfeminines).<\/em><\/figcaption><\/figure>\n\n\n\n<p><strong>Una etapa consolidada en Atl\u00e9tico Nacional<\/strong><\/p>\n\n\n\n<p>Durante su ciclo en Atl\u00e9tico Nacional, Mary Jos\u00e9 \u00c1lvarez se consolid\u00f3 como una pieza habitual en la l\u00ednea defensiva del equipo verdolaga. En total, disput\u00f3 entre 44 y 48 partidos oficiales, seg\u00fan los registros de las distintas competencias, y convirti\u00f3 dos goles. M\u00e1s all\u00e1 de los n\u00fameros, su aporte estuvo marcado por el liderazgo dentro del campo y en el vestuario, una cualidad que la distingui\u00f3 pese a su corta edad.<\/p>\n\n\n\n<p>Desde la instituci\u00f3n antioque\u00f1a valoraron no solo su rendimiento deportivo, sino tambi\u00e9n su evoluci\u00f3n personal y profesional, como parte del proceso formativo que viene desarrollando el club. En ese contexto, el gerente del f\u00fatbol femenino de Atl\u00e9tico Nacional, Jaime Barrientos, remarc\u00f3 el alcance de la operaci\u00f3n: \u201cLa finalizaci\u00f3n de este ciclo se da tras concretarse una transferencia hist\u00f3rica al Olympique de Marsella\u201d.<\/p>\n\n\n<div class=\"wp-block-image\">\n<figure class=\"aligncenter\"><img decoding=\"async\" src=\"https:\/\/pbs.twimg.com\/media\/G_DFUYOW0AAH3vo?format=jpg&amp;name=large\" alt=\"Imagen\" \/><figcaption class=\"wp-element-caption\"><em>As\u00ed anunci\u00f3 Atl\u00e9tico Nacional la hist\u00f3rica transferencia de Mary Jos\u00e9 \u00c1lvarez al Olympique de Marsella (Foto: @naloficialfem).<\/em><\/figcaption><\/figure>\n<\/div>\n\n\n<p><strong>Despedida y cierre de un ciclo<\/strong><\/p>\n\n\n\n<p>Antes de hacerse oficial su llegada a Francia, \u00c1lvarez confirm\u00f3 su salida de Atl\u00e9tico Nacional mediante un mensaje publicado en sus redes sociales, en el que realiz\u00f3 un balance de su etapa en el club. \u201cHoy cierro una etapa que marc\u00f3 profundamente mi vida y mi carrera. Decir adi\u00f3s nunca es f\u00e1cil, especialmente cuando se trata de un club que fue parte fundamental de mi crecimiento como futbolista y como persona\u201d, escribi\u00f3.<\/p>\n\n\n\n<p>En el mismo mensaje, la defensora resalt\u00f3 las ense\u00f1anzas que le dej\u00f3 su paso por el club: \u201cEste club me exigi\u00f3, me ret\u00f3 y me ense\u00f1\u00f3 el verdadero significado de competir (\u2026) Aqu\u00ed entend\u00ed que el f\u00fatbol no solo se juega con los pies, sino tambi\u00e9n con la cabeza y el coraz\u00f3n\u201d. Adem\u00e1s, agradeci\u00f3 a sus compa\u00f1eras y al cuerpo t\u00e9cnico por el camino recorrido y asegur\u00f3 que defendi\u00f3 los colores de Nacional \u201ccon orgullo y con total compromiso\u201d.<\/p>\n\n\n\n<p><strong>El salto a Europa y el anuncio oficial<\/strong><\/p>\n\n\n\n<p>La cartagenera fue presentada oficialmente como nueva jugadora del Olympique de Marsella, club que tambi\u00e9n le dio la bienvenida con un mensaje dirigido a su nueva etapa profesional: \u201cBienvenida a la cit\u00e9 phoc\u00e9enne, Mary\u201d. De esta manera, \u00c1lvarez iniciar\u00e1 su primera experiencia en el f\u00fatbol europeo, donde buscar\u00e1 adaptarse al balompi\u00e9 franc\u00e9s y competir por un lugar en la plantilla.<\/p>\n\n\n\n<p>Si bien el monto de la transferencia no fue detallado de manera oficial, previamente se hab\u00eda informado sobre una oferta cercana a los 30.000 d\u00f3lares por el 80 % de los derechos econ\u00f3micos de la jugadora, lo que permitir\u00eda a Atl\u00e9tico Nacional conservar un porcentaje para una futura venta. La operaci\u00f3n fue catalogada como hist\u00f3rica para el club y para el f\u00fatbol femenino colombiano.<\/p>\n\n\n\n<p><strong>Trayectoria internacional con la Selecci\u00f3n Colombia<\/strong><\/p>\n\n\n\n<p>Adem\u00e1s de su recorrido a nivel de clubes, Mary Jos\u00e9 \u00c1lvarez ha sido una presencia constante en las selecciones femeninas de Colombia. Desde su debut en 2017, ha disputado 33 partidos internacionales entre las categor\u00edas Sub-17, Sub-20 y la selecci\u00f3n mayor, con un total de cuatro goles. Fue parte de los planteles que compitieron en los Mundiales de dichas categor\u00edas, y se destac\u00f3 en la m\u00e1s reciente Copa Am\u00e9rica femenina de mayores, donde Colombia alcanz\u00f3 la final.<\/p>\n\n\n\n<p>Su debut con la selecci\u00f3n absoluta se produjo el 23 de febrero de 2025, en el marco de la SheBelieves Cup, y desde entonces contin\u00faa consolid\u00e1ndose como una de las defensoras con mayor proyecci\u00f3n del pa\u00eds.<\/p>\n\n\n<div class=\"wp-block-image\">\n<figure class=\"aligncenter\"><img decoding=\"async\" src=\"https:\/\/www.elespectador.com\/resizer\/v2\/X2NMJXS5FGQ7WKKIRLKRAEFRYY.jpg?auth=f3ae323f2406190baede05f1ccf12a484a5973fe12de5372120f129e2d0895e6&amp;width=920&amp;height=613&amp;smart=true&amp;quality=60\" alt=\"Colombia, a octavos! Vea el gol de Mary Jos\u00e9 \u00c1lvarez ante M\u00e9xico en el  Mundial\" \/><figcaption class=\"wp-element-caption\"><em>Mary Jos\u00e9 \u00c1lvarez, que fue pieza clave de las juveniles de Colombia, debut\u00f3 en la Mayor en 2025 (Foto: FCF).<\/em><\/figcaption><\/figure>\n<\/div>\n\n\n<p><strong>Un nuevo cap\u00edtulo en Francia<\/strong><\/p>\n\n\n\n<p>La transferencia de Mary Jos\u00e9 \u00c1lvarez al Olympique de Marsella marca el inicio de un nuevo desaf\u00edo en su carrera y refuerza la presencia de futbolistas colombianas en el f\u00fatbol europeo. Su recorrido, que comenz\u00f3 en el f\u00fatbol local y la llev\u00f3 a convertirse en referente defensivo y jugadora internacional, refleja el crecimiento sostenido del f\u00fatbol femenino en Colombia y abre una nueva expectativa sobre su desarrollo en una de las ligas m\u00e1s competitivas del continente.<\/p>","protected":false},"excerpt":{"rendered":"<p>La defensora colombiana de 20 a\u00f1os dej\u00f3 Atl\u00e9tico Nacional y fue presentada por el club de Francia, iniciando su primera experiencia en Europa en una transferencia hist\u00f3rica para el f\u00fatbol femenino de Sudam\u00e9rica. Por Tom\u00e1s Rouge (@tomas.rouge_ok) \/ Foto de portada: @OM_Officiel El f\u00fatbol femenino colombiano vuelve a proyectarse en el escenario internacional con la [&hellip;]<\/p>","protected":false},"author":11,"featured_media":7529,"comment_status":"open","ping_status":"open","sticky":false,"template":"","format":"standard","meta":{"footnotes":""},"categories":[51,1,48],"tags":[186,102,119,182,458,457],"class_list":["post-7524","post","type-post","status-publish","format-standard","has-post-thumbnail","hentry","category-internacional","category-lo_ultimo","category-noticia","tag-atletico-nacional","tag-colombia","tag-europa","tag-francia","tag-liga-de-francia","tag-mary-jose-alvarez"],"yoast_head":"<!-- This site is optimized with the Yoast SEO plugin v22.1 - https:\/\/yoast.com\/wordpress\/plugins\/seo\/ -->\n<title>Mary Jos\u00e9 \u00c1lvarez es nueva jugadora del Olympique de Marsella y dar\u00e1 el salto al f\u00fatbol europeo - feminafootball<\/title>\n<meta name=\"description\" content=\"La defensora colombiana de 20 a\u00f1os dej\u00f3 Atl\u00e9tico Nacional y fue presentada por el club de Francia, iniciando su primera experiencia en Europa en una transferencia hist\u00f3rica para el f\u00fatbol femenino de Sudam\u00e9rica.\" \/>\n<meta name=\"robots\" content=\"index, follow, max-snippet:-1, max-image-preview:large, max-video-preview:-1\" \/>\n<link rel=\"canonical\" href=\"https:\/\/www.feminafootball.com\/en\/lo_ultimo\/mary-jose-alvarez-olympique-de-marsella\/\" \/>\n<meta property=\"og:locale\" content=\"en_US\" \/>\n<meta property=\"og:type\" content=\"article\" \/>\n<meta property=\"og:title\" content=\"Mary Jos\u00e9 \u00c1lvarez es nueva jugadora del Olympique de Marsella y dar\u00e1 el salto al f\u00fatbol europeo - feminafootball\" \/>\n<meta property=\"og:description\" content=\"La defensora colombiana de 20 a\u00f1os dej\u00f3 Atl\u00e9tico Nacional y fue presentada por el club de Francia, iniciando su primera experiencia en Europa en una transferencia hist\u00f3rica para el f\u00fatbol femenino de Sudam\u00e9rica.\" \/>\n<meta property=\"og:url\" content=\"https:\/\/www.feminafootball.com\/en\/lo_ultimo\/mary-jose-alvarez-olympique-de-marsella\/\" \/>\n<meta property=\"og:site_name\" content=\"feminafootball\" \/>\n<meta property=\"article:author\" content=\"https:\/\/www.facebook.com\/tomas.rouge\/?locale=es_LA\" \/>\n<meta property=\"article:published_time\" content=\"2026-01-19T22:54:42+00:00\" \/>\n<meta property=\"article:modified_time\" content=\"2026-01-19T22:54:43+00:00\" \/>\n<meta property=\"og:image\" content=\"https:\/\/www.feminafootball.com\/wp-content\/uploads\/2026\/01\/G_DEnwXXAAAq1BD.jpg\" \/>\n\t<meta property=\"og:image:width\" content=\"1183\" \/>\n\t<meta property=\"og:image:height\" content=\"664\" \/>\n\t<meta property=\"og:image:type\" content=\"image\/jpeg\" \/>\n<meta name=\"author\" content=\"Tom\u00e1s Rouge\" \/>\n<meta name=\"twitter:card\" content=\"summary_large_image\" \/>\n<meta name=\"twitter:creator\" content=\"@tomas_rouge_ok\" \/>\n<meta name=\"twitter:label1\" content=\"Written by\" \/>\n\t<meta name=\"twitter:data1\" content=\"Tom\u00e1s Rouge\" \/>\n\t<meta name=\"twitter:label2\" content=\"Est. reading time\" \/>\n\t<meta name=\"twitter:data2\" content=\"5 minutes\" \/>\n<script type=\"application\/ld+json\" class=\"yoast-schema-graph\">{\"@context\":\"https:\/\/schema.org\",\"@graph\":[{\"@type\":\"Article\",\"@id\":\"https:\/\/www.feminafootball.com\/lo_ultimo\/mary-jose-alvarez-olympique-de-marsella\/#article\",\"isPartOf\":{\"@id\":\"https:\/\/www.feminafootball.com\/lo_ultimo\/mary-jose-alvarez-olympique-de-marsella\/\"},\"author\":{\"name\":\"Tom\u00e1s Rouge\",\"@id\":\"https:\/\/www.feminafootball.com\/#\/schema\/person\/b6b09353ffb27c60869116bf06bb2da8\"},\"headline\":\"Mary Jos\u00e9 \u00c1lvarez es nueva jugadora del Olympique de Marsella y dar\u00e1 el salto al f\u00fatbol europeo\",\"datePublished\":\"2026-01-19T22:54:42+00:00\",\"dateModified\":\"2026-01-19T22:54:43+00:00\",\"mainEntityOfPage\":{\"@id\":\"https:\/\/www.feminafootball.com\/lo_ultimo\/mary-jose-alvarez-olympique-de-marsella\/\"},\"wordCount\":961,\"commentCount\":0,\"publisher\":{\"@id\":\"https:\/\/www.feminafootball.com\/#organization\"},\"keywords\":[\"Atl\u00e9tico Nacional\",\"Colombia\",\"Europa\",\"Francia\",\"Liga de Francia\",\"Mary Jos\u00e9 \u00c1lvarez\"],\"articleSection\":[\"Internacional\",\"Lo \u00faltimo\",\"Noticia\"],\"inLanguage\":\"en-US\",\"potentialAction\":[{\"@type\":\"CommentAction\",\"name\":\"Comment\",\"target\":[\"https:\/\/www.feminafootball.com\/lo_ultimo\/mary-jose-alvarez-olympique-de-marsella\/#respond\"]}]},{\"@type\":\"WebPage\",\"@id\":\"https:\/\/www.feminafootball.com\/lo_ultimo\/mary-jose-alvarez-olympique-de-marsella\/\",\"url\":\"https:\/\/www.feminafootball.com\/lo_ultimo\/mary-jose-alvarez-olympique-de-marsella\/\",\"name\":\"Mary Jos\u00e9 \u00c1lvarez es nueva jugadora del Olympique de Marsella y dar\u00e1 el salto al f\u00fatbol europeo - feminafootball\",\"isPartOf\":{\"@id\":\"https:\/\/www.feminafootball.com\/#website\"},\"datePublished\":\"2026-01-19T22:54:42+00:00\",\"dateModified\":\"2026-01-19T22:54:43+00:00\",\"description\":\"La defensora colombiana de 20 a\u00f1os dej\u00f3 Atl\u00e9tico Nacional y fue presentada por el club de Francia, iniciando su primera experiencia en Europa en una transferencia hist\u00f3rica para el f\u00fatbol femenino de Sudam\u00e9rica.\",\"breadcrumb\":{\"@id\":\"https:\/\/www.feminafootball.com\/lo_ultimo\/mary-jose-alvarez-olympique-de-marsella\/#breadcrumb\"},\"inLanguage\":\"en-US\",\"potentialAction\":[{\"@type\":\"ReadAction\",\"target\":[\"https:\/\/www.feminafootball.com\/lo_ultimo\/mary-jose-alvarez-olympique-de-marsella\/\"]}]},{\"@type\":\"BreadcrumbList\",\"@id\":\"https:\/\/www.feminafootball.com\/lo_ultimo\/mary-jose-alvarez-olympique-de-marsella\/#breadcrumb\",\"itemListElement\":[{\"@type\":\"ListItem\",\"position\":1,\"name\":\"Portada\",\"item\":\"https:\/\/www.feminafootball.com\/\"},{\"@type\":\"ListItem\",\"position\":2,\"name\":\"Mary Jos\u00e9 \u00c1lvarez es nueva jugadora del Olympique de Marsella y dar\u00e1 el salto al f\u00fatbol europeo\"}]},{\"@type\":\"WebSite\",\"@id\":\"https:\/\/www.feminafootball.com\/#website\",\"url\":\"https:\/\/www.feminafootball.com\/\",\"name\":\"feminafootball\",\"description\":\"Medio especializado en el cubrimiento internacional de f\u00fatbol femenino\",\"publisher\":{\"@id\":\"https:\/\/www.feminafootball.com\/#organization\"},\"potentialAction\":[{\"@type\":\"SearchAction\",\"target\":{\"@type\":\"EntryPoint\",\"urlTemplate\":\"https:\/\/www.feminafootball.com\/?s={search_term_string}\"},\"query-input\":\"required name=search_term_string\"}],\"inLanguage\":\"en-US\"},{\"@type\":\"Organization\",\"@id\":\"https:\/\/www.feminafootball.com\/#organization\",\"name\":\"feminafootball\",\"url\":\"https:\/\/www.feminafootball.com\/\",\"logo\":{\"@type\":\"ImageObject\",\"inLanguage\":\"en-US\",\"@id\":\"https:\/\/www.feminafootball.com\/#\/schema\/logo\/image\/\",\"url\":\"https:\/\/www.feminafootball.com\/wp-content\/uploads\/2024\/02\/cropped-logo-Femina-Futbol2.png\",\"contentUrl\":\"https:\/\/www.feminafootball.com\/wp-content\/uploads\/2024\/02\/cropped-logo-Femina-Futbol2.png\",\"width\":538,\"height\":534,\"caption\":\"feminafootball\"},\"image\":{\"@id\":\"https:\/\/www.feminafootball.com\/#\/schema\/logo\/image\/\"}},{\"@type\":\"Person\",\"@id\":\"https:\/\/www.feminafootball.com\/#\/schema\/person\/b6b09353ffb27c60869116bf06bb2da8\",\"name\":\"Tom\u00e1s Rouge\",\"image\":{\"@type\":\"ImageObject\",\"inLanguage\":\"en-US\",\"@id\":\"https:\/\/www.feminafootball.com\/#\/schema\/person\/image\/\",\"url\":\"https:\/\/secure.gravatar.com\/avatar\/15b195d3a00cec044345dca6e7140332dc3b56064e84f4794f898aca36deff5c?s=96&d=mm&r=g\",\"contentUrl\":\"https:\/\/secure.gravatar.com\/avatar\/15b195d3a00cec044345dca6e7140332dc3b56064e84f4794f898aca36deff5c?s=96&d=mm&r=g\",\"caption\":\"Tom\u00e1s Rouge\"},\"description\":\"Periodista de Argentina | Redactor de Diario Ol\u00e9 | Rumbo a #LA2028 | Cubro F\u00fatbol Femenino en F\u00e9mina Football de Colombia (corresponsal desde Argentina) | CM y productor de @Argentina_En_La_Cancha | Trabaj\u00e9 en FM Late 93.1 | Soy de Buenos Aires.\",\"sameAs\":[\"https:\/\/linktr.ee\/tomas.rouge\",\"https:\/\/www.facebook.com\/tomas.rouge\/?locale=es_LA\",\"https:\/\/www.instagram.com\/tomas.rouge_ok\/?hl=es\",\"https:\/\/www.linkedin.com\/in\/toms-rouge-072459177\/?originalSubdomain=ar\",\"https:\/\/twitter.com\/tomas_rouge_ok\",\"https:\/\/www.youtube.com\/@tomasrougeperiodista1723\"],\"url\":\"https:\/\/www.feminafootball.com\/en\/author\/tomas-rouge\/\"}]}<\/script>\n<!-- \/ Yoast SEO plugin. -->","yoast_head_json":{"title":"Mary Jos\u00e9 \u00c1lvarez es nueva jugadora del Olympique de Marsella y dar\u00e1 el salto al f\u00fatbol europeo - feminafootball","description":"La defensora colombiana de 20 a\u00f1os dej\u00f3 Atl\u00e9tico Nacional y fue presentada por el club de Francia, iniciando su primera experiencia en Europa en una transferencia hist\u00f3rica para el f\u00fatbol femenino de Sudam\u00e9rica.","robots":{"index":"index","follow":"follow","max-snippet":"max-snippet:-1","max-image-preview":"max-image-preview:large","max-video-preview":"max-video-preview:-1"},"canonical":"https:\/\/www.feminafootball.com\/en\/lo_ultimo\/mary-jose-alvarez-olympique-de-marsella\/","og_locale":"en_US","og_type":"article","og_title":"Mary Jos\u00e9 \u00c1lvarez es nueva jugadora del Olympique de Marsella y dar\u00e1 el salto al f\u00fatbol europeo - feminafootball","og_description":"La defensora colombiana de 20 a\u00f1os dej\u00f3 Atl\u00e9tico Nacional y fue presentada por el club de Francia, iniciando su primera experiencia en Europa en una transferencia hist\u00f3rica para el f\u00fatbol femenino de Sudam\u00e9rica.","og_url":"https:\/\/www.feminafootball.com\/en\/lo_ultimo\/mary-jose-alvarez-olympique-de-marsella\/","og_site_name":"feminafootball","article_author":"https:\/\/www.facebook.com\/tomas.rouge\/?locale=es_LA","article_published_time":"2026-01-19T22:54:42+00:00","article_modified_time":"2026-01-19T22:54:43+00:00","og_image":[{"width":1183,"height":664,"url":"https:\/\/www.feminafootball.com\/wp-content\/uploads\/2026\/01\/G_DEnwXXAAAq1BD.jpg","type":"image\/jpeg"}],"author":"Tom\u00e1s Rouge","twitter_card":"summary_large_image","twitter_creator":"@tomas_rouge_ok","twitter_misc":{"Written by":"Tom\u00e1s Rouge","Est. reading time":"5 minutes"},"schema":{"@context":"https:\/\/schema.org","@graph":[{"@type":"Article","@id":"https:\/\/www.feminafootball.com\/lo_ultimo\/mary-jose-alvarez-olympique-de-marsella\/#article","isPartOf":{"@id":"https:\/\/www.feminafootball.com\/lo_ultimo\/mary-jose-alvarez-olympique-de-marsella\/"},"author":{"name":"Tom\u00e1s Rouge","@id":"https:\/\/www.feminafootball.com\/#\/schema\/person\/b6b09353ffb27c60869116bf06bb2da8"},"headline":"Mary Jos\u00e9 \u00c1lvarez es nueva jugadora del Olympique de Marsella y dar\u00e1 el salto al f\u00fatbol europeo","datePublished":"2026-01-19T22:54:42+00:00","dateModified":"2026-01-19T22:54:43+00:00","mainEntityOfPage":{"@id":"https:\/\/www.feminafootball.com\/lo_ultimo\/mary-jose-alvarez-olympique-de-marsella\/"},"wordCount":961,"commentCount":0,"publisher":{"@id":"https:\/\/www.feminafootball.com\/#organization"},"keywords":["Atl\u00e9tico Nacional","Colombia","Europa","Francia","Liga de Francia","Mary Jos\u00e9 \u00c1lvarez"],"articleSection":["Internacional","Lo \u00faltimo","Noticia"],"inLanguage":"en-US","potentialAction":[{"@type":"CommentAction","name":"Comment","target":["https:\/\/www.feminafootball.com\/lo_ultimo\/mary-jose-alvarez-olympique-de-marsella\/#respond"]}]},{"@type":"WebPage","@id":"https:\/\/www.feminafootball.com\/lo_ultimo\/mary-jose-alvarez-olympique-de-marsella\/","url":"https:\/\/www.feminafootball.com\/lo_ultimo\/mary-jose-alvarez-olympique-de-marsella\/","name":"Mary Jos\u00e9 \u00c1lvarez es nueva jugadora del Olympique de Marsella y dar\u00e1 el salto al f\u00fatbol europeo - feminafootball","isPartOf":{"@id":"https:\/\/www.feminafootball.com\/#website"},"datePublished":"2026-01-19T22:54:42+00:00","dateModified":"2026-01-19T22:54:43+00:00","description":"La defensora colombiana de 20 a\u00f1os dej\u00f3 Atl\u00e9tico Nacional y fue presentada por el club de Francia, iniciando su primera experiencia en Europa en una transferencia hist\u00f3rica para el f\u00fatbol femenino de Sudam\u00e9rica.","breadcrumb":{"@id":"https:\/\/www.feminafootball.com\/lo_ultimo\/mary-jose-alvarez-olympique-de-marsella\/#breadcrumb"},"inLanguage":"en-US","potentialAction":[{"@type":"ReadAction","target":["https:\/\/www.feminafootball.com\/lo_ultimo\/mary-jose-alvarez-olympique-de-marsella\/"]}]},{"@type":"BreadcrumbList","@id":"https:\/\/www.feminafootball.com\/lo_ultimo\/mary-jose-alvarez-olympique-de-marsella\/#breadcrumb","itemListElement":[{"@type":"ListItem","position":1,"name":"Portada","item":"https:\/\/www.feminafootball.com\/"},{"@type":"ListItem","position":2,"name":"Mary Jos\u00e9 \u00c1lvarez es nueva jugadora del Olympique de Marsella y dar\u00e1 el salto al f\u00fatbol europeo"}]},{"@type":"WebSite","@id":"https:\/\/www.feminafootball.com\/#website","url":"https:\/\/www.feminafootball.com\/","name":"feminafootball","description":"Medio especializado en el cubrimiento internacional de f\u00fatbol femenino","publisher":{"@id":"https:\/\/www.feminafootball.com\/#organization"},"potentialAction":[{"@type":"SearchAction","target":{"@type":"EntryPoint","urlTemplate":"https:\/\/www.feminafootball.com\/?s={search_term_string}"},"query-input":"required name=search_term_string"}],"inLanguage":"en-US"},{"@type":"Organization","@id":"https:\/\/www.feminafootball.com\/#organization","name":"feminafootball","url":"https:\/\/www.feminafootball.com\/","logo":{"@type":"ImageObject","inLanguage":"en-US","@id":"https:\/\/www.feminafootball.com\/#\/schema\/logo\/image\/","url":"https:\/\/www.feminafootball.com\/wp-content\/uploads\/2024\/02\/cropped-logo-Femina-Futbol2.png","contentUrl":"https:\/\/www.feminafootball.com\/wp-content\/uploads\/2024\/02\/cropped-logo-Femina-Futbol2.png","width":538,"height":534,"caption":"feminafootball"},"image":{"@id":"https:\/\/www.feminafootball.com\/#\/schema\/logo\/image\/"}},{"@type":"Person","@id":"https:\/\/www.feminafootball.com\/#\/schema\/person\/b6b09353ffb27c60869116bf06bb2da8","name":"Tom\u00e1s Rouge","image":{"@type":"ImageObject","inLanguage":"en-US","@id":"https:\/\/www.feminafootball.com\/#\/schema\/person\/image\/","url":"https:\/\/secure.gravatar.com\/avatar\/15b195d3a00cec044345dca6e7140332dc3b56064e84f4794f898aca36deff5c?s=96&d=mm&r=g","contentUrl":"https:\/\/secure.gravatar.com\/avatar\/15b195d3a00cec044345dca6e7140332dc3b56064e84f4794f898aca36deff5c?s=96&d=mm&r=g","caption":"Tom\u00e1s Rouge"},"description":"Periodista de Argentina | Redactor de Diario Ol\u00e9 | Rumbo a #LA2028 | Cubro F\u00fatbol Femenino en F\u00e9mina Football de Colombia (corresponsal desde Argentina) | CM y productor de @Argentina_En_La_Cancha | Trabaj\u00e9 en FM Late 93.1 | Soy de Buenos Aires.","sameAs":["https:\/\/linktr.ee\/tomas.rouge","https:\/\/www.facebook.com\/tomas.rouge\/?locale=es_LA","https:\/\/www.instagram.com\/tomas.rouge_ok\/?hl=es","https:\/\/www.linkedin.com\/in\/toms-rouge-072459177\/?originalSubdomain=ar","https:\/\/twitter.com\/tomas_rouge_ok","https:\/\/www.youtube.com\/@tomasrougeperiodista1723"],"url":"https:\/\/www.feminafootball.com\/en\/author\/tomas-rouge\/"}]}},"_links":{"self":[{"href":"https:\/\/www.feminafootball.com\/en\/wp-json\/wp\/v2\/posts\/7524","targetHints":{"allow":["GET"]}}],"collection":[{"href":"https:\/\/www.feminafootball.com\/en\/wp-json\/wp\/v2\/posts"}],"about":[{"href":"https:\/\/www.feminafootball.com\/en\/wp-json\/wp\/v2\/types\/post"}],"author":[{"embeddable":true,"href":"https:\/\/www.feminafootball.com\/en\/wp-json\/wp\/v2\/users\/11"}],"replies":[{"embeddable":true,"href":"https:\/\/www.feminafootball.com\/en\/wp-json\/wp\/v2\/comments?post=7524"}],"version-history":[{"count":8,"href":"https:\/\/www.feminafootball.com\/en\/wp-json\/wp\/v2\/posts\/7524\/revisions"}],"predecessor-version":[{"id":7535,"href":"https:\/\/www.feminafootball.com\/en\/wp-json\/wp\/v2\/posts\/7524\/revisions\/7535"}],"wp:featuredmedia":[{"embeddable":true,"href":"https:\/\/www.feminafootball.com\/en\/wp-json\/wp\/v2\/media\/7529"}],"wp:attachment":[{"href":"https:\/\/www.feminafootball.com\/en\/wp-json\/wp\/v2\/media?parent=7524"}],"wp:term":[{"taxonomy":"category","embeddable":true,"href":"https:\/\/www.feminafootball.com\/en\/wp-json\/wp\/v2\/categories?post=7524"},{"taxonomy":"post_tag","embeddable":true,"href":"https:\/\/www.feminafootball.com\/en\/wp-json\/wp\/v2\/tags?post=7524"}],"curies":[{"name":"wp","href":"https:\/\/api.w.org\/{rel}","templated":true}]}}