{"id":4766,"date":"2025-05-19T03:00:25","date_gmt":"2025-05-19T03:00:25","guid":{"rendered":"https:\/\/www.feminafootball.com\/?p=4766"},"modified":"2025-05-19T03:00:25","modified_gmt":"2025-05-19T03:00:25","slug":"ecuador-y-brasil-empataron-sin-goles-y-aplazaron-su-clasificacion-anticipada-al-mundial-sub-17","status":"publish","type":"post","link":"https:\/\/www.feminafootball.com\/en\/lo_ultimo\/ecuador-y-brasil-empataron-sin-goles-y-aplazaron-su-clasificacion-anticipada-al-mundial-sub-17\/","title":{"rendered":"Ecuador y Brasil empataron sin goles y aplazaron su clasificaci\u00f3n anticipada al Mundial Sub-17"},"content":{"rendered":"<p>Ecuador y Brasil se enfrentaron por la tercera fecha del cuadrangular final del Torneo Conmebol Sub-17 Femenino. Ambos combinados llegaban al compromiso ocupando los primeros lugares de la tabla, por debajo de Colombia, y con la posibilidad de asegurar su clasificaci\u00f3n anticipada al Mundial de Marruecos en caso de lograr la victoria.<\/p>\n\n\n\n<p>El primer tiempo fue un duelo estrat\u00e9gico, donde Ecuador supo plantarse con solidez en zona defensiva, cerr\u00e1ndole los espacios a una Brasil que no logr\u00f3 imponer su estilo habitual. Las ecuatorianas, una de las sorpresas del torneo, no se intimidaron ante el poder\u00edo brasile\u00f1o. Por el contrario, se mostraron seguras, ordenadas y efectivas para neutralizar los intentos ofensivos del equipo rival, que se vio inc\u00f3modo y sin ideas en ataque. Sin goles, con pocas emociones y con dos aproximaciones claras por parte de Ecuador, termin\u00f3 la primera mitad.<\/p>\n\n\n\n<figure class=\"wp-block-gallery has-nested-images columns-default is-cropped wp-block-gallery-1 is-layout-flex wp-block-gallery-is-layout-flex\">\n<figure class=\"wp-block-image size-large\"><img fetchpriority=\"high\" decoding=\"async\" width=\"617\" height=\"1024\" data-id=\"4768\" src=\"https:\/\/www.feminafootball.com\/wp-content\/uploads\/2025\/05\/6caaca8a-afca-44d4-8f70-d45f7f3663c6-617x1024.jpg\" alt=\"\" class=\"wp-image-4768\" srcset=\"https:\/\/www.feminafootball.com\/wp-content\/uploads\/2025\/05\/6caaca8a-afca-44d4-8f70-d45f7f3663c6-617x1024.jpg 617w, https:\/\/www.feminafootball.com\/wp-content\/uploads\/2025\/05\/6caaca8a-afca-44d4-8f70-d45f7f3663c6-181x300.jpg 181w, https:\/\/www.feminafootball.com\/wp-content\/uploads\/2025\/05\/6caaca8a-afca-44d4-8f70-d45f7f3663c6-768x1275.jpg 768w, https:\/\/www.feminafootball.com\/wp-content\/uploads\/2025\/05\/6caaca8a-afca-44d4-8f70-d45f7f3663c6-925x1536.jpg 925w, https:\/\/www.feminafootball.com\/wp-content\/uploads\/2025\/05\/6caaca8a-afca-44d4-8f70-d45f7f3663c6-7x12.jpg 7w, https:\/\/www.feminafootball.com\/wp-content\/uploads\/2025\/05\/6caaca8a-afca-44d4-8f70-d45f7f3663c6.jpg 964w\" sizes=\"(max-width: 617px) 100vw, 617px\" \/><\/figure>\n<\/figure>\n\n\n\n<p>En la segunda parte, Brasil intent\u00f3 asumir el protagonismo desde la posesi\u00f3n, pero careci\u00f3 de profundidad en los \u00faltimos tres cuartos de cancha. Ecuador, con una estrategia m\u00e1s conservadora, cedi\u00f3 terreno y apost\u00f3 al contragolpe, generando peligro en varias ocasiones. Emily Fierro y Mary Guerra fueron las jugadoras m\u00e1s destacadas del equipo ecuatoriano, aportando manejo y visi\u00f3n en la mitad del campo.<\/p>\n\n\n\n<p>Brasil registr\u00f3 7 remates, de los cuales solo 1 gener\u00f3 peligro real, mientras que Ecuador dispar\u00f3 16 veces al arco, con 5 intentos bien direccionados, obligando a la arquera brasile\u00f1a a intervenir en momentos clave. A pesar de que las estad\u00edsticas de posesi\u00f3n favorecieron al equipo verdeamarelo, las ecuatorianas cumplieron con su plan de juego y mostraron fortaleza defensiva hasta el pitazo final.<\/p>\n\n\n\n<figure class=\"wp-block-gallery has-nested-images columns-default is-cropped wp-block-gallery-2 is-layout-flex wp-block-gallery-is-layout-flex\">\n<figure class=\"wp-block-image size-large\"><img decoding=\"async\" width=\"819\" height=\"1024\" data-id=\"4769\" src=\"https:\/\/www.feminafootball.com\/wp-content\/uploads\/2025\/05\/499731989_1265757531576239_2109060590043594207_n-819x1024.jpg\" alt=\"\" class=\"wp-image-4769\" srcset=\"https:\/\/www.feminafootball.com\/wp-content\/uploads\/2025\/05\/499731989_1265757531576239_2109060590043594207_n-819x1024.jpg 819w, https:\/\/www.feminafootball.com\/wp-content\/uploads\/2025\/05\/499731989_1265757531576239_2109060590043594207_n-240x300.jpg 240w, https:\/\/www.feminafootball.com\/wp-content\/uploads\/2025\/05\/499731989_1265757531576239_2109060590043594207_n-768x960.jpg 768w, https:\/\/www.feminafootball.com\/wp-content\/uploads\/2025\/05\/499731989_1265757531576239_2109060590043594207_n-1229x1536.jpg 1229w, https:\/\/www.feminafootball.com\/wp-content\/uploads\/2025\/05\/499731989_1265757531576239_2109060590043594207_n-10x12.jpg 10w, https:\/\/www.feminafootball.com\/wp-content\/uploads\/2025\/05\/499731989_1265757531576239_2109060590043594207_n.jpg 1638w\" sizes=\"(max-width: 819px) 100vw, 819px\" \/><\/figure>\n<\/figure>\n\n\n\n<p>El 0-0 dej\u00f3 a ambas selecciones con 5 puntos tras tres jornadas. Brasil se ubica en la segunda posici\u00f3n gracias a una mejor diferencia de goles, mientras que Ecuador desciende a la cuarta casilla. En la pr\u00f3xima fecha, que se disputar\u00e1 el mi\u00e9rcoles 21 de mayo, Ecuador enfrentar\u00e1 a Per\u00fa a las 3:00 p.m., y Brasil se medir\u00e1 ante Chile a las 5:30 p.m. Ambos equipos est\u00e1n obligados a ganar para mantener vivas sus aspiraciones de clasificar al Mundial Femenino Sub-17.<\/p>","protected":false},"excerpt":{"rendered":"<p>Ecuador y Brasil se enfrentaron por la tercera fecha del cuadrangular final del Torneo Conmebol Sub-17 Femenino. Ambos combinados llegaban al compromiso ocupando los primeros lugares de la tabla, por debajo de Colombia, y con la posibilidad de asegurar su clasificaci\u00f3n anticipada al Mundial de Marruecos en caso de lograr la victoria. El primer tiempo [&hellip;]<\/p>","protected":false},"author":23,"featured_media":4767,"comment_status":"open","ping_status":"open","sticky":false,"template":"","format":"standard","meta":{"footnotes":""},"categories":[1],"tags":[319,55,35],"class_list":["post-4766","post","type-post","status-publish","format-standard","has-post-thumbnail","hentry","category-lo_ultimo","tag-conmebol-sub-17-femenino","tag-femina-football","tag-futbol-femenino"],"yoast_head":"<!-- This site is optimized with the Yoast SEO plugin v22.1 - https:\/\/yoast.com\/wordpress\/plugins\/seo\/ -->\n<title>Ecuador y Brasil empataron sin goles y aplazaron su clasificaci\u00f3n anticipada al Mundial Sub-17 - feminafootball<\/title>\n<meta name=\"description\" content=\"Ecuador y Brasil se enfrentaron por la tercera fecha del cuadrangular final del Torneo Conmebol Sub-17 Femenino. Ambos combinados llegaban al compromiso ocupando los primeros lugares de la tabla, por debajo de Colombia, y con la posibilidad de asegurar su clasificaci\u00f3n anticipada al Mundial de Marruecos en caso de lograr la victoria.\" \/>\n<meta name=\"robots\" content=\"index, follow, max-snippet:-1, max-image-preview:large, max-video-preview:-1\" \/>\n<link rel=\"canonical\" href=\"https:\/\/www.feminafootball.com\/en\/lo_ultimo\/ecuador-y-brasil-empataron-sin-goles-y-aplazaron-su-clasificacion-anticipada-al-mundial-sub-17\/\" \/>\n<meta property=\"og:locale\" content=\"en_US\" \/>\n<meta property=\"og:type\" content=\"article\" \/>\n<meta property=\"og:title\" content=\"Ecuador y Brasil empataron sin goles y aplazaron su clasificaci\u00f3n anticipada al Mundial Sub-17 - feminafootball\" \/>\n<meta property=\"og:description\" content=\"Ecuador y Brasil se enfrentaron por la tercera fecha del cuadrangular final del Torneo Conmebol Sub-17 Femenino. Ambos combinados llegaban al compromiso ocupando los primeros lugares de la tabla, por debajo de Colombia, y con la posibilidad de asegurar su clasificaci\u00f3n anticipada al Mundial de Marruecos en caso de lograr la victoria.\" \/>\n<meta property=\"og:url\" content=\"https:\/\/www.feminafootball.com\/en\/lo_ultimo\/ecuador-y-brasil-empataron-sin-goles-y-aplazaron-su-clasificacion-anticipada-al-mundial-sub-17\/\" \/>\n<meta property=\"og:site_name\" content=\"feminafootball\" \/>\n<meta property=\"article:published_time\" content=\"2025-05-19T03:00:25+00:00\" \/>\n<meta property=\"og:image\" content=\"https:\/\/www.feminafootball.com\/wp-content\/uploads\/2025\/05\/494211157_1265757421576250_3532283388764797296_n.jpg\" \/>\n\t<meta property=\"og:image:width\" content=\"1639\" \/>\n\t<meta property=\"og:image:height\" content=\"2048\" \/>\n\t<meta property=\"og:image:type\" content=\"image\/jpeg\" \/>\n<meta name=\"author\" content=\"Camilo Arango\" \/>\n<meta name=\"twitter:card\" content=\"summary_large_image\" \/>\n<meta name=\"twitter:label1\" content=\"Written by\" \/>\n\t<meta name=\"twitter:data1\" content=\"Camilo Arango\" \/>\n\t<meta name=\"twitter:label2\" content=\"Est. reading time\" \/>\n\t<meta name=\"twitter:data2\" content=\"3 minutes\" \/>\n<script type=\"application\/ld+json\" class=\"yoast-schema-graph\">{\"@context\":\"https:\/\/schema.org\",\"@graph\":[{\"@type\":\"Article\",\"@id\":\"https:\/\/www.feminafootball.com\/lo_ultimo\/ecuador-y-brasil-empataron-sin-goles-y-aplazaron-su-clasificacion-anticipada-al-mundial-sub-17\/#article\",\"isPartOf\":{\"@id\":\"https:\/\/www.feminafootball.com\/lo_ultimo\/ecuador-y-brasil-empataron-sin-goles-y-aplazaron-su-clasificacion-anticipada-al-mundial-sub-17\/\"},\"author\":{\"name\":\"Camilo Arango\",\"@id\":\"https:\/\/www.feminafootball.com\/#\/schema\/person\/045d7fc033b81f79dfeb89cfa5cc0a45\"},\"headline\":\"Ecuador y Brasil empataron sin goles y aplazaron su clasificaci\u00f3n anticipada al Mundial Sub-17\",\"datePublished\":\"2025-05-19T03:00:25+00:00\",\"dateModified\":\"2025-05-19T03:00:25+00:00\",\"mainEntityOfPage\":{\"@id\":\"https:\/\/www.feminafootball.com\/lo_ultimo\/ecuador-y-brasil-empataron-sin-goles-y-aplazaron-su-clasificacion-anticipada-al-mundial-sub-17\/\"},\"wordCount\":372,\"commentCount\":0,\"publisher\":{\"@id\":\"https:\/\/www.feminafootball.com\/#organization\"},\"keywords\":[\"CONMEBOL Sub-17 Femenino\",\"F\u00e9mina Football\",\"F\u00fatbol Femenino\"],\"articleSection\":[\"Lo \u00faltimo\"],\"inLanguage\":\"en-US\",\"potentialAction\":[{\"@type\":\"CommentAction\",\"name\":\"Comment\",\"target\":[\"https:\/\/www.feminafootball.com\/lo_ultimo\/ecuador-y-brasil-empataron-sin-goles-y-aplazaron-su-clasificacion-anticipada-al-mundial-sub-17\/#respond\"]}]},{\"@type\":\"WebPage\",\"@id\":\"https:\/\/www.feminafootball.com\/lo_ultimo\/ecuador-y-brasil-empataron-sin-goles-y-aplazaron-su-clasificacion-anticipada-al-mundial-sub-17\/\",\"url\":\"https:\/\/www.feminafootball.com\/lo_ultimo\/ecuador-y-brasil-empataron-sin-goles-y-aplazaron-su-clasificacion-anticipada-al-mundial-sub-17\/\",\"name\":\"Ecuador y Brasil empataron sin goles y aplazaron su clasificaci\u00f3n anticipada al Mundial Sub-17 - feminafootball\",\"isPartOf\":{\"@id\":\"https:\/\/www.feminafootball.com\/#website\"},\"datePublished\":\"2025-05-19T03:00:25+00:00\",\"dateModified\":\"2025-05-19T03:00:25+00:00\",\"description\":\"Ecuador y Brasil se enfrentaron por la tercera fecha del cuadrangular final del Torneo Conmebol Sub-17 Femenino. Ambos combinados llegaban al compromiso ocupando los primeros lugares de la tabla, por debajo de Colombia, y con la posibilidad de asegurar su clasificaci\u00f3n anticipada al Mundial de Marruecos en caso de lograr la victoria.\",\"breadcrumb\":{\"@id\":\"https:\/\/www.feminafootball.com\/lo_ultimo\/ecuador-y-brasil-empataron-sin-goles-y-aplazaron-su-clasificacion-anticipada-al-mundial-sub-17\/#breadcrumb\"},\"inLanguage\":\"en-US\",\"potentialAction\":[{\"@type\":\"ReadAction\",\"target\":[\"https:\/\/www.feminafootball.com\/lo_ultimo\/ecuador-y-brasil-empataron-sin-goles-y-aplazaron-su-clasificacion-anticipada-al-mundial-sub-17\/\"]}]},{\"@type\":\"BreadcrumbList\",\"@id\":\"https:\/\/www.feminafootball.com\/lo_ultimo\/ecuador-y-brasil-empataron-sin-goles-y-aplazaron-su-clasificacion-anticipada-al-mundial-sub-17\/#breadcrumb\",\"itemListElement\":[{\"@type\":\"ListItem\",\"position\":1,\"name\":\"Portada\",\"item\":\"https:\/\/www.feminafootball.com\/\"},{\"@type\":\"ListItem\",\"position\":2,\"name\":\"Ecuador y Brasil empataron sin goles y aplazaron su clasificaci\u00f3n anticipada al Mundial Sub-17\"}]},{\"@type\":\"WebSite\",\"@id\":\"https:\/\/www.feminafootball.com\/#website\",\"url\":\"https:\/\/www.feminafootball.com\/\",\"name\":\"feminafootball\",\"description\":\"Medio especializado en el cubrimiento internacional de f\u00fatbol femenino\",\"publisher\":{\"@id\":\"https:\/\/www.feminafootball.com\/#organization\"},\"potentialAction\":[{\"@type\":\"SearchAction\",\"target\":{\"@type\":\"EntryPoint\",\"urlTemplate\":\"https:\/\/www.feminafootball.com\/?s={search_term_string}\"},\"query-input\":\"required name=search_term_string\"}],\"inLanguage\":\"en-US\"},{\"@type\":\"Organization\",\"@id\":\"https:\/\/www.feminafootball.com\/#organization\",\"name\":\"feminafootball\",\"url\":\"https:\/\/www.feminafootball.com\/\",\"logo\":{\"@type\":\"ImageObject\",\"inLanguage\":\"en-US\",\"@id\":\"https:\/\/www.feminafootball.com\/#\/schema\/logo\/image\/\",\"url\":\"https:\/\/www.feminafootball.com\/wp-content\/uploads\/2024\/02\/cropped-logo-Femina-Futbol2.png\",\"contentUrl\":\"https:\/\/www.feminafootball.com\/wp-content\/uploads\/2024\/02\/cropped-logo-Femina-Futbol2.png\",\"width\":538,\"height\":534,\"caption\":\"feminafootball\"},\"image\":{\"@id\":\"https:\/\/www.feminafootball.com\/#\/schema\/logo\/image\/\"}},{\"@type\":\"Person\",\"@id\":\"https:\/\/www.feminafootball.com\/#\/schema\/person\/045d7fc033b81f79dfeb89cfa5cc0a45\",\"name\":\"Camilo Arango\",\"image\":{\"@type\":\"ImageObject\",\"inLanguage\":\"en-US\",\"@id\":\"https:\/\/www.feminafootball.com\/#\/schema\/person\/image\/\",\"url\":\"https:\/\/secure.gravatar.com\/avatar\/4e13b83adf737eddf666f4e6742d59564019340c4a636277c22faefb6a343b1e?s=96&d=mm&r=g\",\"contentUrl\":\"https:\/\/secure.gravatar.com\/avatar\/4e13b83adf737eddf666f4e6742d59564019340c4a636277c22faefb6a343b1e?s=96&d=mm&r=g\",\"caption\":\"Camilo Arango\"},\"url\":\"https:\/\/www.feminafootball.com\/en\/author\/camilo-arango\/\"}]}<\/script>\n<!-- \/ Yoast SEO plugin. -->","yoast_head_json":{"title":"Ecuador y Brasil empataron sin goles y aplazaron su clasificaci\u00f3n anticipada al Mundial Sub-17 - feminafootball","description":"Ecuador y Brasil se enfrentaron por la tercera fecha del cuadrangular final del Torneo Conmebol Sub-17 Femenino. Ambos combinados llegaban al compromiso ocupando los primeros lugares de la tabla, por debajo de Colombia, y con la posibilidad de asegurar su clasificaci\u00f3n anticipada al Mundial de Marruecos en caso de lograr la victoria.","robots":{"index":"index","follow":"follow","max-snippet":"max-snippet:-1","max-image-preview":"max-image-preview:large","max-video-preview":"max-video-preview:-1"},"canonical":"https:\/\/www.feminafootball.com\/en\/lo_ultimo\/ecuador-y-brasil-empataron-sin-goles-y-aplazaron-su-clasificacion-anticipada-al-mundial-sub-17\/","og_locale":"en_US","og_type":"article","og_title":"Ecuador y Brasil empataron sin goles y aplazaron su clasificaci\u00f3n anticipada al Mundial Sub-17 - feminafootball","og_description":"Ecuador y Brasil se enfrentaron por la tercera fecha del cuadrangular final del Torneo Conmebol Sub-17 Femenino. Ambos combinados llegaban al compromiso ocupando los primeros lugares de la tabla, por debajo de Colombia, y con la posibilidad de asegurar su clasificaci\u00f3n anticipada al Mundial de Marruecos en caso de lograr la victoria.","og_url":"https:\/\/www.feminafootball.com\/en\/lo_ultimo\/ecuador-y-brasil-empataron-sin-goles-y-aplazaron-su-clasificacion-anticipada-al-mundial-sub-17\/","og_site_name":"feminafootball","article_published_time":"2025-05-19T03:00:25+00:00","og_image":[{"width":1639,"height":2048,"url":"https:\/\/www.feminafootball.com\/wp-content\/uploads\/2025\/05\/494211157_1265757421576250_3532283388764797296_n.jpg","type":"image\/jpeg"}],"author":"Camilo Arango","twitter_card":"summary_large_image","twitter_misc":{"Written by":"Camilo Arango","Est. reading time":"3 minutes"},"schema":{"@context":"https:\/\/schema.org","@graph":[{"@type":"Article","@id":"https:\/\/www.feminafootball.com\/lo_ultimo\/ecuador-y-brasil-empataron-sin-goles-y-aplazaron-su-clasificacion-anticipada-al-mundial-sub-17\/#article","isPartOf":{"@id":"https:\/\/www.feminafootball.com\/lo_ultimo\/ecuador-y-brasil-empataron-sin-goles-y-aplazaron-su-clasificacion-anticipada-al-mundial-sub-17\/"},"author":{"name":"Camilo Arango","@id":"https:\/\/www.feminafootball.com\/#\/schema\/person\/045d7fc033b81f79dfeb89cfa5cc0a45"},"headline":"Ecuador y Brasil empataron sin goles y aplazaron su clasificaci\u00f3n anticipada al Mundial Sub-17","datePublished":"2025-05-19T03:00:25+00:00","dateModified":"2025-05-19T03:00:25+00:00","mainEntityOfPage":{"@id":"https:\/\/www.feminafootball.com\/lo_ultimo\/ecuador-y-brasil-empataron-sin-goles-y-aplazaron-su-clasificacion-anticipada-al-mundial-sub-17\/"},"wordCount":372,"commentCount":0,"publisher":{"@id":"https:\/\/www.feminafootball.com\/#organization"},"keywords":["CONMEBOL Sub-17 Femenino","F\u00e9mina Football","F\u00fatbol Femenino"],"articleSection":["Lo \u00faltimo"],"inLanguage":"en-US","potentialAction":[{"@type":"CommentAction","name":"Comment","target":["https:\/\/www.feminafootball.com\/lo_ultimo\/ecuador-y-brasil-empataron-sin-goles-y-aplazaron-su-clasificacion-anticipada-al-mundial-sub-17\/#respond"]}]},{"@type":"WebPage","@id":"https:\/\/www.feminafootball.com\/lo_ultimo\/ecuador-y-brasil-empataron-sin-goles-y-aplazaron-su-clasificacion-anticipada-al-mundial-sub-17\/","url":"https:\/\/www.feminafootball.com\/lo_ultimo\/ecuador-y-brasil-empataron-sin-goles-y-aplazaron-su-clasificacion-anticipada-al-mundial-sub-17\/","name":"Ecuador y Brasil empataron sin goles y aplazaron su clasificaci\u00f3n anticipada al Mundial Sub-17 - feminafootball","isPartOf":{"@id":"https:\/\/www.feminafootball.com\/#website"},"datePublished":"2025-05-19T03:00:25+00:00","dateModified":"2025-05-19T03:00:25+00:00","description":"Ecuador y Brasil se enfrentaron por la tercera fecha del cuadrangular final del Torneo Conmebol Sub-17 Femenino. Ambos combinados llegaban al compromiso ocupando los primeros lugares de la tabla, por debajo de Colombia, y con la posibilidad de asegurar su clasificaci\u00f3n anticipada al Mundial de Marruecos en caso de lograr la victoria.","breadcrumb":{"@id":"https:\/\/www.feminafootball.com\/lo_ultimo\/ecuador-y-brasil-empataron-sin-goles-y-aplazaron-su-clasificacion-anticipada-al-mundial-sub-17\/#breadcrumb"},"inLanguage":"en-US","potentialAction":[{"@type":"ReadAction","target":["https:\/\/www.feminafootball.com\/lo_ultimo\/ecuador-y-brasil-empataron-sin-goles-y-aplazaron-su-clasificacion-anticipada-al-mundial-sub-17\/"]}]},{"@type":"BreadcrumbList","@id":"https:\/\/www.feminafootball.com\/lo_ultimo\/ecuador-y-brasil-empataron-sin-goles-y-aplazaron-su-clasificacion-anticipada-al-mundial-sub-17\/#breadcrumb","itemListElement":[{"@type":"ListItem","position":1,"name":"Portada","item":"https:\/\/www.feminafootball.com\/"},{"@type":"ListItem","position":2,"name":"Ecuador y Brasil empataron sin goles y aplazaron su clasificaci\u00f3n anticipada al Mundial Sub-17"}]},{"@type":"WebSite","@id":"https:\/\/www.feminafootball.com\/#website","url":"https:\/\/www.feminafootball.com\/","name":"feminafootball","description":"Medio especializado en el cubrimiento internacional de f\u00fatbol femenino","publisher":{"@id":"https:\/\/www.feminafootball.com\/#organization"},"potentialAction":[{"@type":"SearchAction","target":{"@type":"EntryPoint","urlTemplate":"https:\/\/www.feminafootball.com\/?s={search_term_string}"},"query-input":"required name=search_term_string"}],"inLanguage":"en-US"},{"@type":"Organization","@id":"https:\/\/www.feminafootball.com\/#organization","name":"feminafootball","url":"https:\/\/www.feminafootball.com\/","logo":{"@type":"ImageObject","inLanguage":"en-US","@id":"https:\/\/www.feminafootball.com\/#\/schema\/logo\/image\/","url":"https:\/\/www.feminafootball.com\/wp-content\/uploads\/2024\/02\/cropped-logo-Femina-Futbol2.png","contentUrl":"https:\/\/www.feminafootball.com\/wp-content\/uploads\/2024\/02\/cropped-logo-Femina-Futbol2.png","width":538,"height":534,"caption":"feminafootball"},"image":{"@id":"https:\/\/www.feminafootball.com\/#\/schema\/logo\/image\/"}},{"@type":"Person","@id":"https:\/\/www.feminafootball.com\/#\/schema\/person\/045d7fc033b81f79dfeb89cfa5cc0a45","name":"Camilo Arango","image":{"@type":"ImageObject","inLanguage":"en-US","@id":"https:\/\/www.feminafootball.com\/#\/schema\/person\/image\/","url":"https:\/\/secure.gravatar.com\/avatar\/4e13b83adf737eddf666f4e6742d59564019340c4a636277c22faefb6a343b1e?s=96&d=mm&r=g","contentUrl":"https:\/\/secure.gravatar.com\/avatar\/4e13b83adf737eddf666f4e6742d59564019340c4a636277c22faefb6a343b1e?s=96&d=mm&r=g","caption":"Camilo Arango"},"url":"https:\/\/www.feminafootball.com\/en\/author\/camilo-arango\/"}]}},"_links":{"self":[{"href":"https:\/\/www.feminafootball.com\/en\/wp-json\/wp\/v2\/posts\/4766","targetHints":{"allow":["GET"]}}],"collection":[{"href":"https:\/\/www.feminafootball.com\/en\/wp-json\/wp\/v2\/posts"}],"about":[{"href":"https:\/\/www.feminafootball.com\/en\/wp-json\/wp\/v2\/types\/post"}],"author":[{"embeddable":true,"href":"https:\/\/www.feminafootball.com\/en\/wp-json\/wp\/v2\/users\/23"}],"replies":[{"embeddable":true,"href":"https:\/\/www.feminafootball.com\/en\/wp-json\/wp\/v2\/comments?post=4766"}],"version-history":[{"count":1,"href":"https:\/\/www.feminafootball.com\/en\/wp-json\/wp\/v2\/posts\/4766\/revisions"}],"predecessor-version":[{"id":4770,"href":"https:\/\/www.feminafootball.com\/en\/wp-json\/wp\/v2\/posts\/4766\/revisions\/4770"}],"wp:featuredmedia":[{"embeddable":true,"href":"https:\/\/www.feminafootball.com\/en\/wp-json\/wp\/v2\/media\/4767"}],"wp:attachment":[{"href":"https:\/\/www.feminafootball.com\/en\/wp-json\/wp\/v2\/media?parent=4766"}],"wp:term":[{"taxonomy":"category","embeddable":true,"href":"https:\/\/www.feminafootball.com\/en\/wp-json\/wp\/v2\/categories?post=4766"},{"taxonomy":"post_tag","embeddable":true,"href":"https:\/\/www.feminafootball.com\/en\/wp-json\/wp\/v2\/tags?post=4766"}],"curies":[{"name":"wp","href":"https:\/\/api.w.org\/{rel}","templated":true}]}}