{"id":202,"date":"2024-02-29T00:14:46","date_gmt":"2024-02-29T00:14:46","guid":{"rendered":"https:\/\/www.feminafootball.com\/?p=202"},"modified":"2024-02-29T00:14:46","modified_gmt":"2024-02-29T00:14:46","slug":"las-tiburonas-se-quedaron-en-la-orilla","status":"publish","type":"post","link":"https:\/\/www.feminafootball.com\/en\/lo_ultimo\/las-tiburonas-se-quedaron-en-la-orilla\/","title":{"rendered":"\u2018Las Tiburonas\u2019 se quedaron en la orilla"},"content":{"rendered":"<figure class=\"wp-block-image size-large\"><img fetchpriority=\"high\" decoding=\"async\" width=\"1024\" height=\"1024\" src=\"https:\/\/www.feminafootball.com\/wp-content\/uploads\/2024\/02\/20240222_112908-1024x1024.jpg\" alt=\"\" class=\"wp-image-203\" srcset=\"https:\/\/www.feminafootball.com\/wp-content\/uploads\/2024\/02\/20240222_112908-1024x1024.jpg 1024w, https:\/\/www.feminafootball.com\/wp-content\/uploads\/2024\/02\/20240222_112908-300x300.jpg 300w, https:\/\/www.feminafootball.com\/wp-content\/uploads\/2024\/02\/20240222_112908-150x150.jpg 150w, https:\/\/www.feminafootball.com\/wp-content\/uploads\/2024\/02\/20240222_112908-768x768.jpg 768w, https:\/\/www.feminafootball.com\/wp-content\/uploads\/2024\/02\/20240222_112908.jpg 1080w\" sizes=\"(max-width: 1024px) 100vw, 1024px\" \/><\/figure>\n\n\n\n<p>Por: Daniela Mej\u00eda<\/p>\n\n\n\n<p>Junior recibi\u00f3 a Real Santander en el estadio Metropolitano en el encuentro v\u00e1lido por la primera jornada de la Liga Femenina en la tarde del domingo 18; el cuadro barranquillero present\u00f3 un equipo totalmente reformado con Karen Pinz\u00f3n, Welsy Rodr\u00edguez y Mariana Cardona como las jugadoras m\u00e1s experimentadas.<\/p>\n\n\n\n<p>Las locales tomaron ventaja con el gol de Kendri Renter\u00eda a los ocho minutos, pero las santandereanas igualaron al minuto 38 gracias a la anotaci\u00f3n de Dayana Beltr\u00e1n, quien volvi\u00f3 a facturar al 71.<\/p>\n\n\n\n<p>A pesar de los intentos para conseguir el empate, las rojiblancas terminaron perdiendo a Carolay Monta\u00f1o por expulsi\u00f3n a 10 minutos del final y, en cambio, apareci\u00f3 Norma Mendivelso sobre el complemento del partido para cerrar el marcador con el 3-1 a favor de las albicelestes<\/p>\n\n\n\n<p>Cabe mencionar que Anderson D\u00edaz, quien lleva dos temporadas en el club como preparador de arqueras, estuvo en el banquillo como director t\u00e9cnico encargado mientras se oficializa al argentino Eduardo Collado, quien sigue a la espera de la homologaci\u00f3n de su licencia para poder ejercer en Colombia.<\/p>\n\n\n\n<p><strong>Para la segunda fecha, Junior visitar\u00e1 al Deportivo Pasto y buscar\u00e1 sumar sus primeros puntos en esta edici\u00f3n de la Liga Femenina. <\/strong><strong><\/strong><\/p>","protected":false},"excerpt":{"rendered":"<p>Por: Daniela Mej\u00eda Junior recibi\u00f3 a Real Santander en el estadio Metropolitano en el encuentro v\u00e1lido por la primera jornada de la Liga Femenina en la tarde del domingo 18; el cuadro barranquillero present\u00f3 un equipo totalmente reformado con Karen Pinz\u00f3n, Welsy Rodr\u00edguez y Mariana Cardona como las jugadoras m\u00e1s experimentadas. Las locales tomaron ventaja [&hellip;]<\/p>","protected":false},"author":2,"featured_media":203,"comment_status":"open","ping_status":"open","sticky":false,"template":"","format":"standard","meta":{"footnotes":""},"categories":[1],"tags":[],"class_list":["post-202","post","type-post","status-publish","format-standard","has-post-thumbnail","hentry","category-lo_ultimo"],"yoast_head":"<!-- This site is optimized with the Yoast SEO plugin v22.1 - https:\/\/yoast.com\/wordpress\/plugins\/seo\/ -->\n<title>\u2018Las Tiburonas\u2019 se quedaron en la orilla - feminafootball<\/title>\n<meta name=\"robots\" content=\"index, follow, max-snippet:-1, max-image-preview:large, max-video-preview:-1\" \/>\n<link rel=\"canonical\" href=\"https:\/\/www.feminafootball.com\/en\/lo_ultimo\/las-tiburonas-se-quedaron-en-la-orilla\/\" \/>\n<meta property=\"og:locale\" content=\"en_US\" \/>\n<meta property=\"og:type\" content=\"article\" \/>\n<meta property=\"og:title\" content=\"\u2018Las Tiburonas\u2019 se quedaron en la orilla - feminafootball\" \/>\n<meta property=\"og:description\" content=\"Por: Daniela Mej\u00eda Junior recibi\u00f3 a Real Santander en el estadio Metropolitano en el encuentro v\u00e1lido por la primera jornada de la Liga Femenina en la tarde del domingo 18; el cuadro barranquillero present\u00f3 un equipo totalmente reformado con Karen Pinz\u00f3n, Welsy Rodr\u00edguez y Mariana Cardona como las jugadoras m\u00e1s experimentadas. Las locales tomaron ventaja [&hellip;]\" \/>\n<meta property=\"og:url\" content=\"https:\/\/www.feminafootball.com\/en\/lo_ultimo\/las-tiburonas-se-quedaron-en-la-orilla\/\" \/>\n<meta property=\"og:site_name\" content=\"feminafootball\" \/>\n<meta property=\"article:published_time\" content=\"2024-02-29T00:14:46+00:00\" \/>\n<meta property=\"og:image\" content=\"https:\/\/www.feminafootball.com\/wp-content\/uploads\/2024\/02\/20240222_112908.jpg\" \/>\n\t<meta property=\"og:image:width\" content=\"1080\" \/>\n\t<meta property=\"og:image:height\" content=\"1080\" \/>\n\t<meta property=\"og:image:type\" content=\"image\/jpeg\" \/>\n<meta name=\"author\" content=\"F\u00e9mina Football F\u00e9mina Football\" \/>\n<meta name=\"twitter:card\" content=\"summary_large_image\" \/>\n<meta name=\"twitter:label1\" content=\"Written by\" \/>\n\t<meta name=\"twitter:data1\" content=\"F\u00e9mina Football F\u00e9mina Football\" \/>\n\t<meta name=\"twitter:label2\" content=\"Est. reading time\" \/>\n\t<meta name=\"twitter:data2\" content=\"2 minutes\" \/>\n<script type=\"application\/ld+json\" class=\"yoast-schema-graph\">{\"@context\":\"https:\/\/schema.org\",\"@graph\":[{\"@type\":\"Article\",\"@id\":\"https:\/\/www.feminafootball.com\/lo_ultimo\/las-tiburonas-se-quedaron-en-la-orilla\/#article\",\"isPartOf\":{\"@id\":\"https:\/\/www.feminafootball.com\/lo_ultimo\/las-tiburonas-se-quedaron-en-la-orilla\/\"},\"author\":{\"name\":\"F\u00e9mina Football F\u00e9mina Football\",\"@id\":\"https:\/\/www.feminafootball.com\/#\/schema\/person\/1438cdaeb434a11564daff7103b134a1\"},\"headline\":\"\u2018Las Tiburonas\u2019 se quedaron en la orilla\",\"datePublished\":\"2024-02-29T00:14:46+00:00\",\"dateModified\":\"2024-02-29T00:14:46+00:00\",\"mainEntityOfPage\":{\"@id\":\"https:\/\/www.feminafootball.com\/lo_ultimo\/las-tiburonas-se-quedaron-en-la-orilla\/\"},\"wordCount\":217,\"commentCount\":0,\"publisher\":{\"@id\":\"https:\/\/www.feminafootball.com\/#organization\"},\"articleSection\":[\"Lo \u00faltimo\"],\"inLanguage\":\"en-US\",\"potentialAction\":[{\"@type\":\"CommentAction\",\"name\":\"Comment\",\"target\":[\"https:\/\/www.feminafootball.com\/lo_ultimo\/las-tiburonas-se-quedaron-en-la-orilla\/#respond\"]}]},{\"@type\":\"WebPage\",\"@id\":\"https:\/\/www.feminafootball.com\/lo_ultimo\/las-tiburonas-se-quedaron-en-la-orilla\/\",\"url\":\"https:\/\/www.feminafootball.com\/lo_ultimo\/las-tiburonas-se-quedaron-en-la-orilla\/\",\"name\":\"\u2018Las Tiburonas\u2019 se quedaron en la orilla - feminafootball\",\"isPartOf\":{\"@id\":\"https:\/\/www.feminafootball.com\/#website\"},\"datePublished\":\"2024-02-29T00:14:46+00:00\",\"dateModified\":\"2024-02-29T00:14:46+00:00\",\"breadcrumb\":{\"@id\":\"https:\/\/www.feminafootball.com\/lo_ultimo\/las-tiburonas-se-quedaron-en-la-orilla\/#breadcrumb\"},\"inLanguage\":\"en-US\",\"potentialAction\":[{\"@type\":\"ReadAction\",\"target\":[\"https:\/\/www.feminafootball.com\/lo_ultimo\/las-tiburonas-se-quedaron-en-la-orilla\/\"]}]},{\"@type\":\"BreadcrumbList\",\"@id\":\"https:\/\/www.feminafootball.com\/lo_ultimo\/las-tiburonas-se-quedaron-en-la-orilla\/#breadcrumb\",\"itemListElement\":[{\"@type\":\"ListItem\",\"position\":1,\"name\":\"Portada\",\"item\":\"https:\/\/www.feminafootball.com\/\"},{\"@type\":\"ListItem\",\"position\":2,\"name\":\"\u2018Las Tiburonas\u2019 se quedaron en la orilla\"}]},{\"@type\":\"WebSite\",\"@id\":\"https:\/\/www.feminafootball.com\/#website\",\"url\":\"https:\/\/www.feminafootball.com\/\",\"name\":\"feminafootball\",\"description\":\"Medio especializado en el cubrimiento internacional de f\u00fatbol femenino\",\"publisher\":{\"@id\":\"https:\/\/www.feminafootball.com\/#organization\"},\"potentialAction\":[{\"@type\":\"SearchAction\",\"target\":{\"@type\":\"EntryPoint\",\"urlTemplate\":\"https:\/\/www.feminafootball.com\/?s={search_term_string}\"},\"query-input\":\"required name=search_term_string\"}],\"inLanguage\":\"en-US\"},{\"@type\":\"Organization\",\"@id\":\"https:\/\/www.feminafootball.com\/#organization\",\"name\":\"feminafootball\",\"url\":\"https:\/\/www.feminafootball.com\/\",\"logo\":{\"@type\":\"ImageObject\",\"inLanguage\":\"en-US\",\"@id\":\"https:\/\/www.feminafootball.com\/#\/schema\/logo\/image\/\",\"url\":\"https:\/\/www.feminafootball.com\/wp-content\/uploads\/2024\/02\/cropped-logo-Femina-Futbol2.png\",\"contentUrl\":\"https:\/\/www.feminafootball.com\/wp-content\/uploads\/2024\/02\/cropped-logo-Femina-Futbol2.png\",\"width\":538,\"height\":534,\"caption\":\"feminafootball\"},\"image\":{\"@id\":\"https:\/\/www.feminafootball.com\/#\/schema\/logo\/image\/\"}},{\"@type\":\"Person\",\"@id\":\"https:\/\/www.feminafootball.com\/#\/schema\/person\/1438cdaeb434a11564daff7103b134a1\",\"name\":\"F\u00e9mina Football F\u00e9mina Football\",\"image\":{\"@type\":\"ImageObject\",\"inLanguage\":\"en-US\",\"@id\":\"https:\/\/www.feminafootball.com\/#\/schema\/person\/image\/\",\"url\":\"https:\/\/secure.gravatar.com\/avatar\/1d49f810de9776b55f9144b531c8464c89745c512cf30e90ae8aba992628efd1?s=96&d=mm&r=g\",\"contentUrl\":\"https:\/\/secure.gravatar.com\/avatar\/1d49f810de9776b55f9144b531c8464c89745c512cf30e90ae8aba992628efd1?s=96&d=mm&r=g\",\"caption\":\"F\u00e9mina Football F\u00e9mina Football\"},\"url\":\"https:\/\/www.feminafootball.com\/en\/author\/feminafootballgmail-com\/\"}]}<\/script>\n<!-- \/ Yoast SEO plugin. -->","yoast_head_json":{"title":"\u2018Las Tiburonas\u2019 se quedaron en la orilla - feminafootball","robots":{"index":"index","follow":"follow","max-snippet":"max-snippet:-1","max-image-preview":"max-image-preview:large","max-video-preview":"max-video-preview:-1"},"canonical":"https:\/\/www.feminafootball.com\/en\/lo_ultimo\/las-tiburonas-se-quedaron-en-la-orilla\/","og_locale":"en_US","og_type":"article","og_title":"\u2018Las Tiburonas\u2019 se quedaron en la orilla - feminafootball","og_description":"Por: Daniela Mej\u00eda Junior recibi\u00f3 a Real Santander en el estadio Metropolitano en el encuentro v\u00e1lido por la primera jornada de la Liga Femenina en la tarde del domingo 18; el cuadro barranquillero present\u00f3 un equipo totalmente reformado con Karen Pinz\u00f3n, Welsy Rodr\u00edguez y Mariana Cardona como las jugadoras m\u00e1s experimentadas. Las locales tomaron ventaja [&hellip;]","og_url":"https:\/\/www.feminafootball.com\/en\/lo_ultimo\/las-tiburonas-se-quedaron-en-la-orilla\/","og_site_name":"feminafootball","article_published_time":"2024-02-29T00:14:46+00:00","og_image":[{"width":1080,"height":1080,"url":"https:\/\/www.feminafootball.com\/wp-content\/uploads\/2024\/02\/20240222_112908.jpg","type":"image\/jpeg"}],"author":"F\u00e9mina Football F\u00e9mina Football","twitter_card":"summary_large_image","twitter_misc":{"Written by":"F\u00e9mina Football F\u00e9mina Football","Est. reading time":"2 minutes"},"schema":{"@context":"https:\/\/schema.org","@graph":[{"@type":"Article","@id":"https:\/\/www.feminafootball.com\/lo_ultimo\/las-tiburonas-se-quedaron-en-la-orilla\/#article","isPartOf":{"@id":"https:\/\/www.feminafootball.com\/lo_ultimo\/las-tiburonas-se-quedaron-en-la-orilla\/"},"author":{"name":"F\u00e9mina Football F\u00e9mina Football","@id":"https:\/\/www.feminafootball.com\/#\/schema\/person\/1438cdaeb434a11564daff7103b134a1"},"headline":"\u2018Las Tiburonas\u2019 se quedaron en la orilla","datePublished":"2024-02-29T00:14:46+00:00","dateModified":"2024-02-29T00:14:46+00:00","mainEntityOfPage":{"@id":"https:\/\/www.feminafootball.com\/lo_ultimo\/las-tiburonas-se-quedaron-en-la-orilla\/"},"wordCount":217,"commentCount":0,"publisher":{"@id":"https:\/\/www.feminafootball.com\/#organization"},"articleSection":["Lo \u00faltimo"],"inLanguage":"en-US","potentialAction":[{"@type":"CommentAction","name":"Comment","target":["https:\/\/www.feminafootball.com\/lo_ultimo\/las-tiburonas-se-quedaron-en-la-orilla\/#respond"]}]},{"@type":"WebPage","@id":"https:\/\/www.feminafootball.com\/lo_ultimo\/las-tiburonas-se-quedaron-en-la-orilla\/","url":"https:\/\/www.feminafootball.com\/lo_ultimo\/las-tiburonas-se-quedaron-en-la-orilla\/","name":"\u2018Las Tiburonas\u2019 se quedaron en la orilla - feminafootball","isPartOf":{"@id":"https:\/\/www.feminafootball.com\/#website"},"datePublished":"2024-02-29T00:14:46+00:00","dateModified":"2024-02-29T00:14:46+00:00","breadcrumb":{"@id":"https:\/\/www.feminafootball.com\/lo_ultimo\/las-tiburonas-se-quedaron-en-la-orilla\/#breadcrumb"},"inLanguage":"en-US","potentialAction":[{"@type":"ReadAction","target":["https:\/\/www.feminafootball.com\/lo_ultimo\/las-tiburonas-se-quedaron-en-la-orilla\/"]}]},{"@type":"BreadcrumbList","@id":"https:\/\/www.feminafootball.com\/lo_ultimo\/las-tiburonas-se-quedaron-en-la-orilla\/#breadcrumb","itemListElement":[{"@type":"ListItem","position":1,"name":"Portada","item":"https:\/\/www.feminafootball.com\/"},{"@type":"ListItem","position":2,"name":"\u2018Las Tiburonas\u2019 se quedaron en la orilla"}]},{"@type":"WebSite","@id":"https:\/\/www.feminafootball.com\/#website","url":"https:\/\/www.feminafootball.com\/","name":"feminafootball","description":"Medio especializado en el cubrimiento internacional de f\u00fatbol femenino","publisher":{"@id":"https:\/\/www.feminafootball.com\/#organization"},"potentialAction":[{"@type":"SearchAction","target":{"@type":"EntryPoint","urlTemplate":"https:\/\/www.feminafootball.com\/?s={search_term_string}"},"query-input":"required name=search_term_string"}],"inLanguage":"en-US"},{"@type":"Organization","@id":"https:\/\/www.feminafootball.com\/#organization","name":"feminafootball","url":"https:\/\/www.feminafootball.com\/","logo":{"@type":"ImageObject","inLanguage":"en-US","@id":"https:\/\/www.feminafootball.com\/#\/schema\/logo\/image\/","url":"https:\/\/www.feminafootball.com\/wp-content\/uploads\/2024\/02\/cropped-logo-Femina-Futbol2.png","contentUrl":"https:\/\/www.feminafootball.com\/wp-content\/uploads\/2024\/02\/cropped-logo-Femina-Futbol2.png","width":538,"height":534,"caption":"feminafootball"},"image":{"@id":"https:\/\/www.feminafootball.com\/#\/schema\/logo\/image\/"}},{"@type":"Person","@id":"https:\/\/www.feminafootball.com\/#\/schema\/person\/1438cdaeb434a11564daff7103b134a1","name":"F\u00e9mina Football F\u00e9mina Football","image":{"@type":"ImageObject","inLanguage":"en-US","@id":"https:\/\/www.feminafootball.com\/#\/schema\/person\/image\/","url":"https:\/\/secure.gravatar.com\/avatar\/1d49f810de9776b55f9144b531c8464c89745c512cf30e90ae8aba992628efd1?s=96&d=mm&r=g","contentUrl":"https:\/\/secure.gravatar.com\/avatar\/1d49f810de9776b55f9144b531c8464c89745c512cf30e90ae8aba992628efd1?s=96&d=mm&r=g","caption":"F\u00e9mina Football F\u00e9mina Football"},"url":"https:\/\/www.feminafootball.com\/en\/author\/feminafootballgmail-com\/"}]}},"_links":{"self":[{"href":"https:\/\/www.feminafootball.com\/en\/wp-json\/wp\/v2\/posts\/202","targetHints":{"allow":["GET"]}}],"collection":[{"href":"https:\/\/www.feminafootball.com\/en\/wp-json\/wp\/v2\/posts"}],"about":[{"href":"https:\/\/www.feminafootball.com\/en\/wp-json\/wp\/v2\/types\/post"}],"author":[{"embeddable":true,"href":"https:\/\/www.feminafootball.com\/en\/wp-json\/wp\/v2\/users\/2"}],"replies":[{"embeddable":true,"href":"https:\/\/www.feminafootball.com\/en\/wp-json\/wp\/v2\/comments?post=202"}],"version-history":[{"count":1,"href":"https:\/\/www.feminafootball.com\/en\/wp-json\/wp\/v2\/posts\/202\/revisions"}],"predecessor-version":[{"id":204,"href":"https:\/\/www.feminafootball.com\/en\/wp-json\/wp\/v2\/posts\/202\/revisions\/204"}],"wp:featuredmedia":[{"embeddable":true,"href":"https:\/\/www.feminafootball.com\/en\/wp-json\/wp\/v2\/media\/203"}],"wp:attachment":[{"href":"https:\/\/www.feminafootball.com\/en\/wp-json\/wp\/v2\/media?parent=202"}],"wp:term":[{"taxonomy":"category","embeddable":true,"href":"https:\/\/www.feminafootball.com\/en\/wp-json\/wp\/v2\/categories?post=202"},{"taxonomy":"post_tag","embeddable":true,"href":"https:\/\/www.feminafootball.com\/en\/wp-json\/wp\/v2\/tags?post=202"}],"curies":[{"name":"wp","href":"https:\/\/api.w.org\/{rel}","templated":true}]}}