{"id":1767,"date":"2024-05-14T20:52:22","date_gmt":"2024-05-14T20:52:22","guid":{"rendered":"https:\/\/www.feminafootball.com\/?p=1767"},"modified":"2024-05-14T20:58:18","modified_gmt":"2024-05-14T20:58:18","slug":"atletico-nacional-pinto-de-verde-al-pereira","status":"publish","type":"post","link":"https:\/\/www.feminafootball.com\/en\/lo_ultimo\/atletico-nacional-pinto-de-verde-al-pereira\/","title":{"rendered":"Atl\u00e9tico Nacional pint\u00f3 de verde al Pereira"},"content":{"rendered":"<p><strong>Las verdolagas hicieron respetar su local\u00eda y vencieron a un tibio Pereira.<\/strong><\/p>\n\n\n\n<p>La tarde en la ciudad de la eterna primavera estuvo llena de goles, pues Nacional anot\u00f3 6 tantos y sum\u00f3 tres puntos fundamentales en la tabla de posiciones de la Liga Betplay Femenina. <\/p>\n\n\n\n<p>Las comandadas por Barreneche atacaron desde el minuto 1 hasta el pitazo final del partido, llegando el primer gol por obra de Wendy C\u00e1rdenas al minuto 24&#8242;. <\/p>\n\n\n\n<p>Al minuto 32&#8242; Mar\u00eda de Los \u00c1ngeles Portillo anotar\u00eda el segundo tanto y se ir\u00eda con doblete al anotar de nuevo al 82&#8242;.<\/p>\n\n\n\n<div class=\"wp-block-cover aligncenter is-light\"><span aria-hidden=\"true\" class=\"wp-block-cover__background has-background-dim\" style=\"background-color:#948472\"><\/span><img fetchpriority=\"high\" decoding=\"async\" width=\"1080\" height=\"1335\" class=\"wp-block-cover__image-background wp-image-1772\" alt=\"\" src=\"https:\/\/www.feminafootball.com\/wp-content\/uploads\/2024\/05\/IMG_20240514_154807-2.jpg\" data-object-fit=\"cover\" srcset=\"https:\/\/www.feminafootball.com\/wp-content\/uploads\/2024\/05\/IMG_20240514_154807-2.jpg 1080w, https:\/\/www.feminafootball.com\/wp-content\/uploads\/2024\/05\/IMG_20240514_154807-2-243x300.jpg 243w, https:\/\/www.feminafootball.com\/wp-content\/uploads\/2024\/05\/IMG_20240514_154807-2-828x1024.jpg 828w, https:\/\/www.feminafootball.com\/wp-content\/uploads\/2024\/05\/IMG_20240514_154807-2-768x949.jpg 768w, https:\/\/www.feminafootball.com\/wp-content\/uploads\/2024\/05\/IMG_20240514_154807-2-10x12.jpg 10w\" sizes=\"(max-width: 1080px) 100vw, 1080px\" \/><div class=\"wp-block-cover__inner-container is-layout-flow wp-block-cover-is-layout-flow\">\n<p class=\"has-text-align-center has-large-font-size\"><\/p>\n<\/div><\/div>\n\n\n\n<p><\/p>\n\n\n\n<p>Los dem\u00e1s goles fueron de J. Corena al 59&#8242;, Laura Aguirre al 67&#8242; y Marcela Restrepo al 72&#8242;.<\/p>\n\n\n\n<p>Hasta el momento, el verde qued\u00f3 como escolta del Am\u00e9rica de Cali con 26 unidades; mientras que la mechita tiene 28 puntos. <\/p>\n\n\n\n<p>Por su parte, el Pereira se mantiene en la casilla 13, solo por encima de Real Santander y Junior.<\/p>","protected":false},"excerpt":{"rendered":"<p>Las verdolagas hicieron respetar su local\u00eda y vencieron a un tibio Pereira. La tarde en la ciudad de la eterna primavera estuvo llena de goles, pues Nacional anot\u00f3 6 tantos y sum\u00f3 tres puntos fundamentales en la tabla de posiciones de la Liga Betplay Femenina. Las comandadas por Barreneche atacaron desde el minuto 1 hasta [&hellip;]<\/p>","protected":false},"author":4,"featured_media":1769,"comment_status":"open","ping_status":"open","sticky":false,"template":"","format":"standard","meta":{"footnotes":""},"categories":[1,48],"tags":[147,102,132,55,86,5],"class_list":["post-1767","post","type-post","status-publish","format-standard","has-post-thumbnail","hentry","category-lo_ultimo","category-noticia","tag-atletico-nacional-femenino","tag-colombia","tag-deportivo-pereira","tag-femina-football","tag-futbol-femenino-2","tag-liga-femenina"],"yoast_head":"<!-- This site is optimized with the Yoast SEO plugin v22.1 - https:\/\/yoast.com\/wordpress\/plugins\/seo\/ -->\n<title>Atl\u00e9tico Nacional pint\u00f3 de verde al Pereira - feminafootball<\/title>\n<meta name=\"description\" content=\"Las verdolagas hicieron respetar su local\u00eda y vencieron a un tibio Pereira.\" \/>\n<meta name=\"robots\" content=\"index, follow, max-snippet:-1, max-image-preview:large, max-video-preview:-1\" \/>\n<link rel=\"canonical\" href=\"https:\/\/www.feminafootball.com\/en\/lo_ultimo\/atletico-nacional-pinto-de-verde-al-pereira\/\" \/>\n<meta property=\"og:locale\" content=\"en_US\" \/>\n<meta property=\"og:type\" content=\"article\" \/>\n<meta property=\"og:title\" content=\"Atl\u00e9tico Nacional pint\u00f3 de verde al Pereira - feminafootball\" \/>\n<meta property=\"og:description\" content=\"Las verdolagas hicieron respetar su local\u00eda y vencieron a un tibio Pereira.\" \/>\n<meta property=\"og:url\" content=\"https:\/\/www.feminafootball.com\/en\/lo_ultimo\/atletico-nacional-pinto-de-verde-al-pereira\/\" \/>\n<meta property=\"og:site_name\" content=\"feminafootball\" \/>\n<meta property=\"article:published_time\" content=\"2024-05-14T20:52:22+00:00\" \/>\n<meta property=\"article:modified_time\" content=\"2024-05-14T20:58:18+00:00\" \/>\n<meta property=\"og:image\" content=\"https:\/\/www.feminafootball.com\/wp-content\/uploads\/2024\/05\/IMG_20240514_154756.jpg\" \/>\n\t<meta property=\"og:image:width\" content=\"1080\" \/>\n\t<meta property=\"og:image:height\" content=\"1339\" \/>\n\t<meta property=\"og:image:type\" content=\"image\/jpeg\" \/>\n<meta name=\"author\" content=\"Laura Toro\" \/>\n<meta name=\"twitter:card\" content=\"summary_large_image\" \/>\n<meta name=\"twitter:label1\" content=\"Written by\" \/>\n\t<meta name=\"twitter:data1\" content=\"Laura Toro\" \/>\n\t<meta name=\"twitter:label2\" content=\"Est. reading time\" \/>\n\t<meta name=\"twitter:data2\" content=\"2 minutes\" \/>\n<script type=\"application\/ld+json\" class=\"yoast-schema-graph\">{\"@context\":\"https:\/\/schema.org\",\"@graph\":[{\"@type\":\"Article\",\"@id\":\"https:\/\/www.feminafootball.com\/lo_ultimo\/atletico-nacional-pinto-de-verde-al-pereira\/#article\",\"isPartOf\":{\"@id\":\"https:\/\/www.feminafootball.com\/lo_ultimo\/atletico-nacional-pinto-de-verde-al-pereira\/\"},\"author\":{\"name\":\"Laura Toro\",\"@id\":\"https:\/\/www.feminafootball.com\/#\/schema\/person\/22cda007d25134f21cce105d0ae617d8\"},\"headline\":\"Atl\u00e9tico Nacional pint\u00f3 de verde al Pereira\",\"datePublished\":\"2024-05-14T20:52:22+00:00\",\"dateModified\":\"2024-05-14T20:58:18+00:00\",\"mainEntityOfPage\":{\"@id\":\"https:\/\/www.feminafootball.com\/lo_ultimo\/atletico-nacional-pinto-de-verde-al-pereira\/\"},\"wordCount\":158,\"commentCount\":0,\"publisher\":{\"@id\":\"https:\/\/www.feminafootball.com\/#organization\"},\"keywords\":[\"Atl\u00e9tico Nacional Femenino\",\"Colombia\",\"Deportivo Pereira\",\"F\u00e9mina Football\",\"Futbol Femenino\",\"Liga Femenina\"],\"articleSection\":[\"Lo \u00faltimo\",\"Noticia\"],\"inLanguage\":\"en-US\",\"potentialAction\":[{\"@type\":\"CommentAction\",\"name\":\"Comment\",\"target\":[\"https:\/\/www.feminafootball.com\/lo_ultimo\/atletico-nacional-pinto-de-verde-al-pereira\/#respond\"]}]},{\"@type\":\"WebPage\",\"@id\":\"https:\/\/www.feminafootball.com\/lo_ultimo\/atletico-nacional-pinto-de-verde-al-pereira\/\",\"url\":\"https:\/\/www.feminafootball.com\/lo_ultimo\/atletico-nacional-pinto-de-verde-al-pereira\/\",\"name\":\"Atl\u00e9tico Nacional pint\u00f3 de verde al Pereira - feminafootball\",\"isPartOf\":{\"@id\":\"https:\/\/www.feminafootball.com\/#website\"},\"datePublished\":\"2024-05-14T20:52:22+00:00\",\"dateModified\":\"2024-05-14T20:58:18+00:00\",\"description\":\"Las verdolagas hicieron respetar su local\u00eda y vencieron a un tibio Pereira.\",\"breadcrumb\":{\"@id\":\"https:\/\/www.feminafootball.com\/lo_ultimo\/atletico-nacional-pinto-de-verde-al-pereira\/#breadcrumb\"},\"inLanguage\":\"en-US\",\"potentialAction\":[{\"@type\":\"ReadAction\",\"target\":[\"https:\/\/www.feminafootball.com\/lo_ultimo\/atletico-nacional-pinto-de-verde-al-pereira\/\"]}]},{\"@type\":\"BreadcrumbList\",\"@id\":\"https:\/\/www.feminafootball.com\/lo_ultimo\/atletico-nacional-pinto-de-verde-al-pereira\/#breadcrumb\",\"itemListElement\":[{\"@type\":\"ListItem\",\"position\":1,\"name\":\"Portada\",\"item\":\"https:\/\/www.feminafootball.com\/\"},{\"@type\":\"ListItem\",\"position\":2,\"name\":\"Atl\u00e9tico Nacional pint\u00f3 de verde al Pereira\"}]},{\"@type\":\"WebSite\",\"@id\":\"https:\/\/www.feminafootball.com\/#website\",\"url\":\"https:\/\/www.feminafootball.com\/\",\"name\":\"feminafootball\",\"description\":\"Medio especializado en el cubrimiento internacional de f\u00fatbol femenino\",\"publisher\":{\"@id\":\"https:\/\/www.feminafootball.com\/#organization\"},\"potentialAction\":[{\"@type\":\"SearchAction\",\"target\":{\"@type\":\"EntryPoint\",\"urlTemplate\":\"https:\/\/www.feminafootball.com\/?s={search_term_string}\"},\"query-input\":\"required name=search_term_string\"}],\"inLanguage\":\"en-US\"},{\"@type\":\"Organization\",\"@id\":\"https:\/\/www.feminafootball.com\/#organization\",\"name\":\"feminafootball\",\"url\":\"https:\/\/www.feminafootball.com\/\",\"logo\":{\"@type\":\"ImageObject\",\"inLanguage\":\"en-US\",\"@id\":\"https:\/\/www.feminafootball.com\/#\/schema\/logo\/image\/\",\"url\":\"https:\/\/www.feminafootball.com\/wp-content\/uploads\/2024\/02\/cropped-logo-Femina-Futbol2.png\",\"contentUrl\":\"https:\/\/www.feminafootball.com\/wp-content\/uploads\/2024\/02\/cropped-logo-Femina-Futbol2.png\",\"width\":538,\"height\":534,\"caption\":\"feminafootball\"},\"image\":{\"@id\":\"https:\/\/www.feminafootball.com\/#\/schema\/logo\/image\/\"}},{\"@type\":\"Person\",\"@id\":\"https:\/\/www.feminafootball.com\/#\/schema\/person\/22cda007d25134f21cce105d0ae617d8\",\"name\":\"Laura Toro\",\"image\":{\"@type\":\"ImageObject\",\"inLanguage\":\"en-US\",\"@id\":\"https:\/\/www.feminafootball.com\/#\/schema\/person\/image\/\",\"url\":\"https:\/\/secure.gravatar.com\/avatar\/d591760e506494cfed363a2af0a99107a2a4ee382851b2469662ebf395374081?s=96&d=mm&r=g\",\"contentUrl\":\"https:\/\/secure.gravatar.com\/avatar\/d591760e506494cfed363a2af0a99107a2a4ee382851b2469662ebf395374081?s=96&d=mm&r=g\",\"caption\":\"Laura Toro\"},\"description\":\"Comunicadora Social y Periodista amante de las historias y el deporte.\",\"url\":\"https:\/\/www.feminafootball.com\/en\/author\/laura-toro\/\"}]}<\/script>\n<!-- \/ Yoast SEO plugin. -->","yoast_head_json":{"title":"Atl\u00e9tico Nacional pint\u00f3 de verde al Pereira - feminafootball","description":"Las verdolagas hicieron respetar su local\u00eda y vencieron a un tibio Pereira.","robots":{"index":"index","follow":"follow","max-snippet":"max-snippet:-1","max-image-preview":"max-image-preview:large","max-video-preview":"max-video-preview:-1"},"canonical":"https:\/\/www.feminafootball.com\/en\/lo_ultimo\/atletico-nacional-pinto-de-verde-al-pereira\/","og_locale":"en_US","og_type":"article","og_title":"Atl\u00e9tico Nacional pint\u00f3 de verde al Pereira - feminafootball","og_description":"Las verdolagas hicieron respetar su local\u00eda y vencieron a un tibio Pereira.","og_url":"https:\/\/www.feminafootball.com\/en\/lo_ultimo\/atletico-nacional-pinto-de-verde-al-pereira\/","og_site_name":"feminafootball","article_published_time":"2024-05-14T20:52:22+00:00","article_modified_time":"2024-05-14T20:58:18+00:00","og_image":[{"width":1080,"height":1339,"url":"https:\/\/www.feminafootball.com\/wp-content\/uploads\/2024\/05\/IMG_20240514_154756.jpg","type":"image\/jpeg"}],"author":"Laura Toro","twitter_card":"summary_large_image","twitter_misc":{"Written by":"Laura Toro","Est. reading time":"2 minutes"},"schema":{"@context":"https:\/\/schema.org","@graph":[{"@type":"Article","@id":"https:\/\/www.feminafootball.com\/lo_ultimo\/atletico-nacional-pinto-de-verde-al-pereira\/#article","isPartOf":{"@id":"https:\/\/www.feminafootball.com\/lo_ultimo\/atletico-nacional-pinto-de-verde-al-pereira\/"},"author":{"name":"Laura Toro","@id":"https:\/\/www.feminafootball.com\/#\/schema\/person\/22cda007d25134f21cce105d0ae617d8"},"headline":"Atl\u00e9tico Nacional pint\u00f3 de verde al Pereira","datePublished":"2024-05-14T20:52:22+00:00","dateModified":"2024-05-14T20:58:18+00:00","mainEntityOfPage":{"@id":"https:\/\/www.feminafootball.com\/lo_ultimo\/atletico-nacional-pinto-de-verde-al-pereira\/"},"wordCount":158,"commentCount":0,"publisher":{"@id":"https:\/\/www.feminafootball.com\/#organization"},"keywords":["Atl\u00e9tico Nacional Femenino","Colombia","Deportivo Pereira","F\u00e9mina Football","Futbol Femenino","Liga Femenina"],"articleSection":["Lo \u00faltimo","Noticia"],"inLanguage":"en-US","potentialAction":[{"@type":"CommentAction","name":"Comment","target":["https:\/\/www.feminafootball.com\/lo_ultimo\/atletico-nacional-pinto-de-verde-al-pereira\/#respond"]}]},{"@type":"WebPage","@id":"https:\/\/www.feminafootball.com\/lo_ultimo\/atletico-nacional-pinto-de-verde-al-pereira\/","url":"https:\/\/www.feminafootball.com\/lo_ultimo\/atletico-nacional-pinto-de-verde-al-pereira\/","name":"Atl\u00e9tico Nacional pint\u00f3 de verde al Pereira - feminafootball","isPartOf":{"@id":"https:\/\/www.feminafootball.com\/#website"},"datePublished":"2024-05-14T20:52:22+00:00","dateModified":"2024-05-14T20:58:18+00:00","description":"Las verdolagas hicieron respetar su local\u00eda y vencieron a un tibio Pereira.","breadcrumb":{"@id":"https:\/\/www.feminafootball.com\/lo_ultimo\/atletico-nacional-pinto-de-verde-al-pereira\/#breadcrumb"},"inLanguage":"en-US","potentialAction":[{"@type":"ReadAction","target":["https:\/\/www.feminafootball.com\/lo_ultimo\/atletico-nacional-pinto-de-verde-al-pereira\/"]}]},{"@type":"BreadcrumbList","@id":"https:\/\/www.feminafootball.com\/lo_ultimo\/atletico-nacional-pinto-de-verde-al-pereira\/#breadcrumb","itemListElement":[{"@type":"ListItem","position":1,"name":"Portada","item":"https:\/\/www.feminafootball.com\/"},{"@type":"ListItem","position":2,"name":"Atl\u00e9tico Nacional pint\u00f3 de verde al Pereira"}]},{"@type":"WebSite","@id":"https:\/\/www.feminafootball.com\/#website","url":"https:\/\/www.feminafootball.com\/","name":"feminafootball","description":"Medio especializado en el cubrimiento internacional de f\u00fatbol femenino","publisher":{"@id":"https:\/\/www.feminafootball.com\/#organization"},"potentialAction":[{"@type":"SearchAction","target":{"@type":"EntryPoint","urlTemplate":"https:\/\/www.feminafootball.com\/?s={search_term_string}"},"query-input":"required name=search_term_string"}],"inLanguage":"en-US"},{"@type":"Organization","@id":"https:\/\/www.feminafootball.com\/#organization","name":"feminafootball","url":"https:\/\/www.feminafootball.com\/","logo":{"@type":"ImageObject","inLanguage":"en-US","@id":"https:\/\/www.feminafootball.com\/#\/schema\/logo\/image\/","url":"https:\/\/www.feminafootball.com\/wp-content\/uploads\/2024\/02\/cropped-logo-Femina-Futbol2.png","contentUrl":"https:\/\/www.feminafootball.com\/wp-content\/uploads\/2024\/02\/cropped-logo-Femina-Futbol2.png","width":538,"height":534,"caption":"feminafootball"},"image":{"@id":"https:\/\/www.feminafootball.com\/#\/schema\/logo\/image\/"}},{"@type":"Person","@id":"https:\/\/www.feminafootball.com\/#\/schema\/person\/22cda007d25134f21cce105d0ae617d8","name":"Laura Toro","image":{"@type":"ImageObject","inLanguage":"en-US","@id":"https:\/\/www.feminafootball.com\/#\/schema\/person\/image\/","url":"https:\/\/secure.gravatar.com\/avatar\/d591760e506494cfed363a2af0a99107a2a4ee382851b2469662ebf395374081?s=96&d=mm&r=g","contentUrl":"https:\/\/secure.gravatar.com\/avatar\/d591760e506494cfed363a2af0a99107a2a4ee382851b2469662ebf395374081?s=96&d=mm&r=g","caption":"Laura Toro"},"description":"Comunicadora Social y Periodista amante de las historias y el deporte.","url":"https:\/\/www.feminafootball.com\/en\/author\/laura-toro\/"}]}},"_links":{"self":[{"href":"https:\/\/www.feminafootball.com\/en\/wp-json\/wp\/v2\/posts\/1767","targetHints":{"allow":["GET"]}}],"collection":[{"href":"https:\/\/www.feminafootball.com\/en\/wp-json\/wp\/v2\/posts"}],"about":[{"href":"https:\/\/www.feminafootball.com\/en\/wp-json\/wp\/v2\/types\/post"}],"author":[{"embeddable":true,"href":"https:\/\/www.feminafootball.com\/en\/wp-json\/wp\/v2\/users\/4"}],"replies":[{"embeddable":true,"href":"https:\/\/www.feminafootball.com\/en\/wp-json\/wp\/v2\/comments?post=1767"}],"version-history":[{"count":3,"href":"https:\/\/www.feminafootball.com\/en\/wp-json\/wp\/v2\/posts\/1767\/revisions"}],"predecessor-version":[{"id":1779,"href":"https:\/\/www.feminafootball.com\/en\/wp-json\/wp\/v2\/posts\/1767\/revisions\/1779"}],"wp:featuredmedia":[{"embeddable":true,"href":"https:\/\/www.feminafootball.com\/en\/wp-json\/wp\/v2\/media\/1769"}],"wp:attachment":[{"href":"https:\/\/www.feminafootball.com\/en\/wp-json\/wp\/v2\/media?parent=1767"}],"wp:term":[{"taxonomy":"category","embeddable":true,"href":"https:\/\/www.feminafootball.com\/en\/wp-json\/wp\/v2\/categories?post=1767"},{"taxonomy":"post_tag","embeddable":true,"href":"https:\/\/www.feminafootball.com\/en\/wp-json\/wp\/v2\/tags?post=1767"}],"curies":[{"name":"wp","href":"https:\/\/api.w.org\/{rel}","templated":true}]}}