{"id":11009,"date":"2026-05-03T13:04:45","date_gmt":"2026-05-03T13:04:45","guid":{"rendered":"https:\/\/www.feminafootball.com\/?p=11009"},"modified":"2026-05-03T13:04:45","modified_gmt":"2026-05-03T13:04:45","slug":"la-roma-se-quedo-con-la-serie-a-femenina-2025-2026","status":"publish","type":"post","link":"https:\/\/www.feminafootball.com\/en\/lo_ultimo\/la-roma-se-quedo-con-la-serie-a-femenina-2025-2026\/","title":{"rendered":"La Roma se qued\u00f3 con la Serie A Femenina 2025-2026"},"content":{"rendered":"<p>Foto:AsRomaFemminile<\/p>\n\n\n\n<p>El conjunto de la capital italiana venci\u00f3 2-0 a Ternana y dos fechas antes del final de la temporada logr\u00f3 el campeonato. <\/p>\n\n\n\n<p>Fue fundado en 2018 con el tradicional rojo y amarillo que son los colores representativos de la Colina Capitolina.<\/p>\n\n\n\n<p>Es el primer t\u00edtulo que consigue Luca Rossettini como entrenador del equipo tras sustituir a Alessandro Spugna, quien llev\u00f3 a \u00abla loba\u00bb a conseguir sus dos primeros t\u00edtulos de Liga.<\/p>\n\n\n\n<p>Es el tercer \u00abscudetto\u00bb luego de coronarse en 2022-2023 y 2023-2024, en su palmar\u00e9s tambi\u00e9n cuentan con dos Copas de Italia en 2020-2021 y 2023-2024 adem\u00e1s de lograr la Supercopa Italiana en 2022 y 2024.<\/p>\n\n\n\n<p>En la presente temporada han sumado 49 puntos, en 20 partidos con 15 ganados, 4 empates y s\u00f3lo una derrota, con una efectividad de 81.6%.<\/p>","protected":false},"excerpt":{"rendered":"<p>Foto:AsRomaFemminile El conjunto de la capital italiana venci\u00f3 2-0 a Ternana y dos fechas antes del final de la temporada logr\u00f3 el campeonato. Fue fundado en 2018 con el tradicional rojo y amarillo que son los colores representativos de la Colina Capitolina. Es el primer t\u00edtulo que consigue Luca Rossettini como entrenador del equipo tras [&hellip;]<\/p>","protected":false},"author":42,"featured_media":11010,"comment_status":"open","ping_status":"open","sticky":false,"template":"","format":"standard","meta":{"footnotes":""},"categories":[1],"tags":[],"class_list":["post-11009","post","type-post","status-publish","format-standard","has-post-thumbnail","hentry","category-lo_ultimo"],"yoast_head":"<!-- This site is optimized with the Yoast SEO plugin v22.1 - https:\/\/yoast.com\/wordpress\/plugins\/seo\/ -->\n<title>La Roma se qued\u00f3 con la Serie A Femenina 2025-2026 - feminafootball<\/title>\n<meta name=\"robots\" content=\"index, follow, max-snippet:-1, max-image-preview:large, max-video-preview:-1\" \/>\n<link rel=\"canonical\" href=\"https:\/\/www.feminafootball.com\/en\/lo_ultimo\/la-roma-se-quedo-con-la-serie-a-femenina-2025-2026\/\" \/>\n<meta property=\"og:locale\" content=\"en_US\" \/>\n<meta property=\"og:type\" content=\"article\" \/>\n<meta property=\"og:title\" content=\"La Roma se qued\u00f3 con la Serie A Femenina 2025-2026 - feminafootball\" \/>\n<meta property=\"og:description\" content=\"Foto:AsRomaFemminile El conjunto de la capital italiana venci\u00f3 2-0 a Ternana y dos fechas antes del final de la temporada logr\u00f3 el campeonato. Fue fundado en 2018 con el tradicional rojo y amarillo que son los colores representativos de la Colina Capitolina. Es el primer t\u00edtulo que consigue Luca Rossettini como entrenador del equipo tras [&hellip;]\" \/>\n<meta property=\"og:url\" content=\"https:\/\/www.feminafootball.com\/en\/lo_ultimo\/la-roma-se-quedo-con-la-serie-a-femenina-2025-2026\/\" \/>\n<meta property=\"og:site_name\" content=\"feminafootball\" \/>\n<meta property=\"article:published_time\" content=\"2026-05-03T13:04:45+00:00\" \/>\n<meta property=\"og:image\" content=\"https:\/\/www.feminafootball.com\/wp-content\/uploads\/2026\/05\/20260503_073001.jpg\" \/>\n\t<meta property=\"og:image:width\" content=\"1278\" \/>\n\t<meta property=\"og:image:height\" content=\"1597\" \/>\n\t<meta property=\"og:image:type\" content=\"image\/jpeg\" \/>\n<meta name=\"author\" content=\"Jorge Navarro\" \/>\n<meta name=\"twitter:card\" content=\"summary_large_image\" \/>\n<meta name=\"twitter:label1\" content=\"Written by\" \/>\n\t<meta name=\"twitter:data1\" content=\"Jorge Navarro\" \/>\n\t<meta name=\"twitter:label2\" content=\"Est. reading time\" \/>\n\t<meta name=\"twitter:data2\" content=\"1 minute\" \/>\n<script type=\"application\/ld+json\" class=\"yoast-schema-graph\">{\"@context\":\"https:\/\/schema.org\",\"@graph\":[{\"@type\":\"Article\",\"@id\":\"https:\/\/www.feminafootball.com\/lo_ultimo\/la-roma-se-quedo-con-la-serie-a-femenina-2025-2026\/#article\",\"isPartOf\":{\"@id\":\"https:\/\/www.feminafootball.com\/lo_ultimo\/la-roma-se-quedo-con-la-serie-a-femenina-2025-2026\/\"},\"author\":{\"name\":\"Jorge Navarro\",\"@id\":\"https:\/\/www.feminafootball.com\/#\/schema\/person\/391d3f4f1122da8a40b226d44c84eb13\"},\"headline\":\"La Roma se qued\u00f3 con la Serie A Femenina 2025-2026\",\"datePublished\":\"2026-05-03T13:04:45+00:00\",\"dateModified\":\"2026-05-03T13:04:45+00:00\",\"mainEntityOfPage\":{\"@id\":\"https:\/\/www.feminafootball.com\/lo_ultimo\/la-roma-se-quedo-con-la-serie-a-femenina-2025-2026\/\"},\"wordCount\":141,\"commentCount\":0,\"publisher\":{\"@id\":\"https:\/\/www.feminafootball.com\/#organization\"},\"articleSection\":[\"Lo \u00faltimo\"],\"inLanguage\":\"en-US\",\"potentialAction\":[{\"@type\":\"CommentAction\",\"name\":\"Comment\",\"target\":[\"https:\/\/www.feminafootball.com\/lo_ultimo\/la-roma-se-quedo-con-la-serie-a-femenina-2025-2026\/#respond\"]}]},{\"@type\":\"WebPage\",\"@id\":\"https:\/\/www.feminafootball.com\/lo_ultimo\/la-roma-se-quedo-con-la-serie-a-femenina-2025-2026\/\",\"url\":\"https:\/\/www.feminafootball.com\/lo_ultimo\/la-roma-se-quedo-con-la-serie-a-femenina-2025-2026\/\",\"name\":\"La Roma se qued\u00f3 con la Serie A Femenina 2025-2026 - feminafootball\",\"isPartOf\":{\"@id\":\"https:\/\/www.feminafootball.com\/#website\"},\"datePublished\":\"2026-05-03T13:04:45+00:00\",\"dateModified\":\"2026-05-03T13:04:45+00:00\",\"breadcrumb\":{\"@id\":\"https:\/\/www.feminafootball.com\/lo_ultimo\/la-roma-se-quedo-con-la-serie-a-femenina-2025-2026\/#breadcrumb\"},\"inLanguage\":\"en-US\",\"potentialAction\":[{\"@type\":\"ReadAction\",\"target\":[\"https:\/\/www.feminafootball.com\/lo_ultimo\/la-roma-se-quedo-con-la-serie-a-femenina-2025-2026\/\"]}]},{\"@type\":\"BreadcrumbList\",\"@id\":\"https:\/\/www.feminafootball.com\/lo_ultimo\/la-roma-se-quedo-con-la-serie-a-femenina-2025-2026\/#breadcrumb\",\"itemListElement\":[{\"@type\":\"ListItem\",\"position\":1,\"name\":\"Portada\",\"item\":\"https:\/\/www.feminafootball.com\/\"},{\"@type\":\"ListItem\",\"position\":2,\"name\":\"La Roma se qued\u00f3 con la Serie A Femenina 2025-2026\"}]},{\"@type\":\"WebSite\",\"@id\":\"https:\/\/www.feminafootball.com\/#website\",\"url\":\"https:\/\/www.feminafootball.com\/\",\"name\":\"feminafootball\",\"description\":\"Medio especializado en el cubrimiento internacional de f\u00fatbol femenino\",\"publisher\":{\"@id\":\"https:\/\/www.feminafootball.com\/#organization\"},\"potentialAction\":[{\"@type\":\"SearchAction\",\"target\":{\"@type\":\"EntryPoint\",\"urlTemplate\":\"https:\/\/www.feminafootball.com\/?s={search_term_string}\"},\"query-input\":\"required name=search_term_string\"}],\"inLanguage\":\"en-US\"},{\"@type\":\"Organization\",\"@id\":\"https:\/\/www.feminafootball.com\/#organization\",\"name\":\"feminafootball\",\"url\":\"https:\/\/www.feminafootball.com\/\",\"logo\":{\"@type\":\"ImageObject\",\"inLanguage\":\"en-US\",\"@id\":\"https:\/\/www.feminafootball.com\/#\/schema\/logo\/image\/\",\"url\":\"https:\/\/www.feminafootball.com\/wp-content\/uploads\/2024\/02\/cropped-logo-Femina-Futbol2.png\",\"contentUrl\":\"https:\/\/www.feminafootball.com\/wp-content\/uploads\/2024\/02\/cropped-logo-Femina-Futbol2.png\",\"width\":538,\"height\":534,\"caption\":\"feminafootball\"},\"image\":{\"@id\":\"https:\/\/www.feminafootball.com\/#\/schema\/logo\/image\/\"}},{\"@type\":\"Person\",\"@id\":\"https:\/\/www.feminafootball.com\/#\/schema\/person\/391d3f4f1122da8a40b226d44c84eb13\",\"name\":\"Jorge Navarro\",\"image\":{\"@type\":\"ImageObject\",\"inLanguage\":\"en-US\",\"@id\":\"https:\/\/www.feminafootball.com\/#\/schema\/person\/image\/\",\"url\":\"https:\/\/secure.gravatar.com\/avatar\/cfba933a818315c02ce313f37b284cabbfe6a5241e203f5642cec4690a70dd7a?s=96&d=mm&r=g\",\"contentUrl\":\"https:\/\/secure.gravatar.com\/avatar\/cfba933a818315c02ce313f37b284cabbfe6a5241e203f5642cec4690a70dd7a?s=96&d=mm&r=g\",\"caption\":\"Jorge Navarro\"},\"url\":\"https:\/\/www.feminafootball.com\/en\/author\/jorge-navarro\/\"}]}<\/script>\n<!-- \/ Yoast SEO plugin. -->","yoast_head_json":{"title":"La Roma se qued\u00f3 con la Serie A Femenina 2025-2026 - feminafootball","robots":{"index":"index","follow":"follow","max-snippet":"max-snippet:-1","max-image-preview":"max-image-preview:large","max-video-preview":"max-video-preview:-1"},"canonical":"https:\/\/www.feminafootball.com\/en\/lo_ultimo\/la-roma-se-quedo-con-la-serie-a-femenina-2025-2026\/","og_locale":"en_US","og_type":"article","og_title":"La Roma se qued\u00f3 con la Serie A Femenina 2025-2026 - feminafootball","og_description":"Foto:AsRomaFemminile El conjunto de la capital italiana venci\u00f3 2-0 a Ternana y dos fechas antes del final de la temporada logr\u00f3 el campeonato. Fue fundado en 2018 con el tradicional rojo y amarillo que son los colores representativos de la Colina Capitolina. Es el primer t\u00edtulo que consigue Luca Rossettini como entrenador del equipo tras [&hellip;]","og_url":"https:\/\/www.feminafootball.com\/en\/lo_ultimo\/la-roma-se-quedo-con-la-serie-a-femenina-2025-2026\/","og_site_name":"feminafootball","article_published_time":"2026-05-03T13:04:45+00:00","og_image":[{"width":1278,"height":1597,"url":"https:\/\/www.feminafootball.com\/wp-content\/uploads\/2026\/05\/20260503_073001.jpg","type":"image\/jpeg"}],"author":"Jorge Navarro","twitter_card":"summary_large_image","twitter_misc":{"Written by":"Jorge Navarro","Est. reading time":"1 minute"},"schema":{"@context":"https:\/\/schema.org","@graph":[{"@type":"Article","@id":"https:\/\/www.feminafootball.com\/lo_ultimo\/la-roma-se-quedo-con-la-serie-a-femenina-2025-2026\/#article","isPartOf":{"@id":"https:\/\/www.feminafootball.com\/lo_ultimo\/la-roma-se-quedo-con-la-serie-a-femenina-2025-2026\/"},"author":{"name":"Jorge Navarro","@id":"https:\/\/www.feminafootball.com\/#\/schema\/person\/391d3f4f1122da8a40b226d44c84eb13"},"headline":"La Roma se qued\u00f3 con la Serie A Femenina 2025-2026","datePublished":"2026-05-03T13:04:45+00:00","dateModified":"2026-05-03T13:04:45+00:00","mainEntityOfPage":{"@id":"https:\/\/www.feminafootball.com\/lo_ultimo\/la-roma-se-quedo-con-la-serie-a-femenina-2025-2026\/"},"wordCount":141,"commentCount":0,"publisher":{"@id":"https:\/\/www.feminafootball.com\/#organization"},"articleSection":["Lo \u00faltimo"],"inLanguage":"en-US","potentialAction":[{"@type":"CommentAction","name":"Comment","target":["https:\/\/www.feminafootball.com\/lo_ultimo\/la-roma-se-quedo-con-la-serie-a-femenina-2025-2026\/#respond"]}]},{"@type":"WebPage","@id":"https:\/\/www.feminafootball.com\/lo_ultimo\/la-roma-se-quedo-con-la-serie-a-femenina-2025-2026\/","url":"https:\/\/www.feminafootball.com\/lo_ultimo\/la-roma-se-quedo-con-la-serie-a-femenina-2025-2026\/","name":"La Roma se qued\u00f3 con la Serie A Femenina 2025-2026 - feminafootball","isPartOf":{"@id":"https:\/\/www.feminafootball.com\/#website"},"datePublished":"2026-05-03T13:04:45+00:00","dateModified":"2026-05-03T13:04:45+00:00","breadcrumb":{"@id":"https:\/\/www.feminafootball.com\/lo_ultimo\/la-roma-se-quedo-con-la-serie-a-femenina-2025-2026\/#breadcrumb"},"inLanguage":"en-US","potentialAction":[{"@type":"ReadAction","target":["https:\/\/www.feminafootball.com\/lo_ultimo\/la-roma-se-quedo-con-la-serie-a-femenina-2025-2026\/"]}]},{"@type":"BreadcrumbList","@id":"https:\/\/www.feminafootball.com\/lo_ultimo\/la-roma-se-quedo-con-la-serie-a-femenina-2025-2026\/#breadcrumb","itemListElement":[{"@type":"ListItem","position":1,"name":"Portada","item":"https:\/\/www.feminafootball.com\/"},{"@type":"ListItem","position":2,"name":"La Roma se qued\u00f3 con la Serie A Femenina 2025-2026"}]},{"@type":"WebSite","@id":"https:\/\/www.feminafootball.com\/#website","url":"https:\/\/www.feminafootball.com\/","name":"feminafootball","description":"Medio especializado en el cubrimiento internacional de f\u00fatbol femenino","publisher":{"@id":"https:\/\/www.feminafootball.com\/#organization"},"potentialAction":[{"@type":"SearchAction","target":{"@type":"EntryPoint","urlTemplate":"https:\/\/www.feminafootball.com\/?s={search_term_string}"},"query-input":"required name=search_term_string"}],"inLanguage":"en-US"},{"@type":"Organization","@id":"https:\/\/www.feminafootball.com\/#organization","name":"feminafootball","url":"https:\/\/www.feminafootball.com\/","logo":{"@type":"ImageObject","inLanguage":"en-US","@id":"https:\/\/www.feminafootball.com\/#\/schema\/logo\/image\/","url":"https:\/\/www.feminafootball.com\/wp-content\/uploads\/2024\/02\/cropped-logo-Femina-Futbol2.png","contentUrl":"https:\/\/www.feminafootball.com\/wp-content\/uploads\/2024\/02\/cropped-logo-Femina-Futbol2.png","width":538,"height":534,"caption":"feminafootball"},"image":{"@id":"https:\/\/www.feminafootball.com\/#\/schema\/logo\/image\/"}},{"@type":"Person","@id":"https:\/\/www.feminafootball.com\/#\/schema\/person\/391d3f4f1122da8a40b226d44c84eb13","name":"Jorge Navarro","image":{"@type":"ImageObject","inLanguage":"en-US","@id":"https:\/\/www.feminafootball.com\/#\/schema\/person\/image\/","url":"https:\/\/secure.gravatar.com\/avatar\/cfba933a818315c02ce313f37b284cabbfe6a5241e203f5642cec4690a70dd7a?s=96&d=mm&r=g","contentUrl":"https:\/\/secure.gravatar.com\/avatar\/cfba933a818315c02ce313f37b284cabbfe6a5241e203f5642cec4690a70dd7a?s=96&d=mm&r=g","caption":"Jorge Navarro"},"url":"https:\/\/www.feminafootball.com\/en\/author\/jorge-navarro\/"}]}},"_links":{"self":[{"href":"https:\/\/www.feminafootball.com\/en\/wp-json\/wp\/v2\/posts\/11009","targetHints":{"allow":["GET"]}}],"collection":[{"href":"https:\/\/www.feminafootball.com\/en\/wp-json\/wp\/v2\/posts"}],"about":[{"href":"https:\/\/www.feminafootball.com\/en\/wp-json\/wp\/v2\/types\/post"}],"author":[{"embeddable":true,"href":"https:\/\/www.feminafootball.com\/en\/wp-json\/wp\/v2\/users\/42"}],"replies":[{"embeddable":true,"href":"https:\/\/www.feminafootball.com\/en\/wp-json\/wp\/v2\/comments?post=11009"}],"version-history":[{"count":5,"href":"https:\/\/www.feminafootball.com\/en\/wp-json\/wp\/v2\/posts\/11009\/revisions"}],"predecessor-version":[{"id":11016,"href":"https:\/\/www.feminafootball.com\/en\/wp-json\/wp\/v2\/posts\/11009\/revisions\/11016"}],"wp:featuredmedia":[{"embeddable":true,"href":"https:\/\/www.feminafootball.com\/en\/wp-json\/wp\/v2\/media\/11010"}],"wp:attachment":[{"href":"https:\/\/www.feminafootball.com\/en\/wp-json\/wp\/v2\/media?parent=11009"}],"wp:term":[{"taxonomy":"category","embeddable":true,"href":"https:\/\/www.feminafootball.com\/en\/wp-json\/wp\/v2\/categories?post=11009"},{"taxonomy":"post_tag","embeddable":true,"href":"https:\/\/www.feminafootball.com\/en\/wp-json\/wp\/v2\/tags?post=11009"}],"curies":[{"name":"wp","href":"https:\/\/api.w.org\/{rel}","templated":true}]}}