{"id":11005,"date":"2026-05-03T12:09:46","date_gmt":"2026-05-03T12:09:46","guid":{"rendered":"https:\/\/www.feminafootball.com\/?p=11005"},"modified":"2026-05-03T12:09:46","modified_gmt":"2026-05-03T12:09:46","slug":"sin-luz-verde-para-cambio-de-calendario-en-la-nwsl","status":"publish","type":"post","link":"https:\/\/www.feminafootball.com\/en\/lo_ultimo\/sin-luz-verde-para-cambio-de-calendario-en-la-nwsl\/","title":{"rendered":"Sin luz verde para cambio de calendario en la NWSL"},"content":{"rendered":"<p>Foto: Mundopelotanet<\/p>\n\n\n\n<p>La NWSL ha cancelado la votaci\u00f3n para modificar el calendario de primavera-oto\u00f1o a estar sincronizados con el modelo europeo (oto\u00f1o-primavera) , esto por la oposici\u00f3n de la asociaci\u00f3n de jugadoras.<\/p>\n\n\n\n<p>Las futbolistas alegan no ser tenidas en cuenta puesto que primero est\u00e1 su integridad f\u00edsica y la salud, debido a que no hay actualmente una infraestructura suficiente para trabajar adecuadamente durante el clima fr\u00edo.<\/p>\n\n\n\n<p>Esta decisi\u00f3n se tom\u00f3 en la junta de gobernadores de la NWSL en Portland, donde representantes de las 18 franquicias de la Liga tuvieron una reuni\u00f3n con la comisionada Jessica Berman, donde se buscaba alinearse a la MLS que a partir de la pr\u00f3xima temporada ir\u00e1 de agosto a mayo.<\/p>\n\n\n\n<p>El comunicado se\u00f1ala que el formato actual seguir\u00e1 durante 2028, 2029 y 2030, luego de una evaluaci\u00f3n rigurosa decidieron no hacer variaciones pues valoran el impulso y crecimiento que el campeonato ha alcanzado con el modelo que se ha venido manejando, al igual de que se tiene un compromiso de darle estabilidad a jugadoras y entrenadores\/as para mantenerse en la \u00e9lite de las ligas femeninas mundiales.<\/p>\n\n\n\n<p>La NWSL expres\u00f3 <strong>\u00bb seguimos reflexionando detenidamente sobre la evaluaci\u00f3n a largo plazo de nuestro calendario y seguiremos evaluando las oportunidades futuras con el mismo rigor y concordancia con las partes interesadas que guiaron esta decisi\u00f3n \u00ab.<\/strong><\/p>\n\n\n\n<p>Esto quiere decir que se sigue disputando la temporada anual durante marzo a noviembre y solo hasta 2031 se proceder\u00eda a la votaci\u00f3n para cambio de calendario. <\/p>","protected":false},"excerpt":{"rendered":"<p>Foto: Mundopelotanet La NWSL ha cancelado la votaci\u00f3n para modificar el calendario de primavera-oto\u00f1o a estar sincronizados con el modelo europeo (oto\u00f1o-primavera) , esto por la oposici\u00f3n de la asociaci\u00f3n de jugadoras. Las futbolistas alegan no ser tenidas en cuenta puesto que primero est\u00e1 su integridad f\u00edsica y la salud, debido a que no hay [&hellip;]<\/p>","protected":false},"author":42,"featured_media":11006,"comment_status":"open","ping_status":"open","sticky":false,"template":"","format":"standard","meta":{"footnotes":""},"categories":[1],"tags":[],"class_list":["post-11005","post","type-post","status-publish","format-standard","has-post-thumbnail","hentry","category-lo_ultimo"],"yoast_head":"<!-- This site is optimized with the Yoast SEO plugin v22.1 - https:\/\/yoast.com\/wordpress\/plugins\/seo\/ -->\n<title>Sin luz verde para cambio de calendario en la NWSL - feminafootball<\/title>\n<meta name=\"robots\" content=\"index, follow, max-snippet:-1, max-image-preview:large, max-video-preview:-1\" \/>\n<link rel=\"canonical\" href=\"https:\/\/www.feminafootball.com\/en\/lo_ultimo\/sin-luz-verde-para-cambio-de-calendario-en-la-nwsl\/\" \/>\n<meta property=\"og:locale\" content=\"en_US\" \/>\n<meta property=\"og:type\" content=\"article\" \/>\n<meta property=\"og:title\" content=\"Sin luz verde para cambio de calendario en la NWSL - feminafootball\" \/>\n<meta property=\"og:description\" content=\"Foto: Mundopelotanet La NWSL ha cancelado la votaci\u00f3n para modificar el calendario de primavera-oto\u00f1o a estar sincronizados con el modelo europeo (oto\u00f1o-primavera) , esto por la oposici\u00f3n de la asociaci\u00f3n de jugadoras. Las futbolistas alegan no ser tenidas en cuenta puesto que primero est\u00e1 su integridad f\u00edsica y la salud, debido a que no hay [&hellip;]\" \/>\n<meta property=\"og:url\" content=\"https:\/\/www.feminafootball.com\/en\/lo_ultimo\/sin-luz-verde-para-cambio-de-calendario-en-la-nwsl\/\" \/>\n<meta property=\"og:site_name\" content=\"feminafootball\" \/>\n<meta property=\"article:published_time\" content=\"2026-05-03T12:09:46+00:00\" \/>\n<meta property=\"og:image\" content=\"https:\/\/www.feminafootball.com\/wp-content\/uploads\/2026\/05\/20260502_015848.jpg\" \/>\n\t<meta property=\"og:image:width\" content=\"350\" \/>\n\t<meta property=\"og:image:height\" content=\"350\" \/>\n\t<meta property=\"og:image:type\" content=\"image\/jpeg\" \/>\n<meta name=\"author\" content=\"Jorge Navarro\" \/>\n<meta name=\"twitter:card\" content=\"summary_large_image\" \/>\n<meta name=\"twitter:label1\" content=\"Written by\" \/>\n\t<meta name=\"twitter:data1\" content=\"Jorge Navarro\" \/>\n\t<meta name=\"twitter:label2\" content=\"Est. reading time\" \/>\n\t<meta name=\"twitter:data2\" content=\"2 minutes\" \/>\n<script type=\"application\/ld+json\" class=\"yoast-schema-graph\">{\"@context\":\"https:\/\/schema.org\",\"@graph\":[{\"@type\":\"Article\",\"@id\":\"https:\/\/www.feminafootball.com\/lo_ultimo\/sin-luz-verde-para-cambio-de-calendario-en-la-nwsl\/#article\",\"isPartOf\":{\"@id\":\"https:\/\/www.feminafootball.com\/lo_ultimo\/sin-luz-verde-para-cambio-de-calendario-en-la-nwsl\/\"},\"author\":{\"name\":\"Jorge Navarro\",\"@id\":\"https:\/\/www.feminafootball.com\/#\/schema\/person\/391d3f4f1122da8a40b226d44c84eb13\"},\"headline\":\"Sin luz verde para cambio de calendario en la NWSL\",\"datePublished\":\"2026-05-03T12:09:46+00:00\",\"dateModified\":\"2026-05-03T12:09:46+00:00\",\"mainEntityOfPage\":{\"@id\":\"https:\/\/www.feminafootball.com\/lo_ultimo\/sin-luz-verde-para-cambio-de-calendario-en-la-nwsl\/\"},\"wordCount\":265,\"commentCount\":0,\"publisher\":{\"@id\":\"https:\/\/www.feminafootball.com\/#organization\"},\"articleSection\":[\"Lo \u00faltimo\"],\"inLanguage\":\"en-US\",\"potentialAction\":[{\"@type\":\"CommentAction\",\"name\":\"Comment\",\"target\":[\"https:\/\/www.feminafootball.com\/lo_ultimo\/sin-luz-verde-para-cambio-de-calendario-en-la-nwsl\/#respond\"]}]},{\"@type\":\"WebPage\",\"@id\":\"https:\/\/www.feminafootball.com\/lo_ultimo\/sin-luz-verde-para-cambio-de-calendario-en-la-nwsl\/\",\"url\":\"https:\/\/www.feminafootball.com\/lo_ultimo\/sin-luz-verde-para-cambio-de-calendario-en-la-nwsl\/\",\"name\":\"Sin luz verde para cambio de calendario en la NWSL - feminafootball\",\"isPartOf\":{\"@id\":\"https:\/\/www.feminafootball.com\/#website\"},\"datePublished\":\"2026-05-03T12:09:46+00:00\",\"dateModified\":\"2026-05-03T12:09:46+00:00\",\"breadcrumb\":{\"@id\":\"https:\/\/www.feminafootball.com\/lo_ultimo\/sin-luz-verde-para-cambio-de-calendario-en-la-nwsl\/#breadcrumb\"},\"inLanguage\":\"en-US\",\"potentialAction\":[{\"@type\":\"ReadAction\",\"target\":[\"https:\/\/www.feminafootball.com\/lo_ultimo\/sin-luz-verde-para-cambio-de-calendario-en-la-nwsl\/\"]}]},{\"@type\":\"BreadcrumbList\",\"@id\":\"https:\/\/www.feminafootball.com\/lo_ultimo\/sin-luz-verde-para-cambio-de-calendario-en-la-nwsl\/#breadcrumb\",\"itemListElement\":[{\"@type\":\"ListItem\",\"position\":1,\"name\":\"Portada\",\"item\":\"https:\/\/www.feminafootball.com\/\"},{\"@type\":\"ListItem\",\"position\":2,\"name\":\"Sin luz verde para cambio de calendario en la NWSL\"}]},{\"@type\":\"WebSite\",\"@id\":\"https:\/\/www.feminafootball.com\/#website\",\"url\":\"https:\/\/www.feminafootball.com\/\",\"name\":\"feminafootball\",\"description\":\"Medio especializado en el cubrimiento internacional de f\u00fatbol femenino\",\"publisher\":{\"@id\":\"https:\/\/www.feminafootball.com\/#organization\"},\"potentialAction\":[{\"@type\":\"SearchAction\",\"target\":{\"@type\":\"EntryPoint\",\"urlTemplate\":\"https:\/\/www.feminafootball.com\/?s={search_term_string}\"},\"query-input\":\"required name=search_term_string\"}],\"inLanguage\":\"en-US\"},{\"@type\":\"Organization\",\"@id\":\"https:\/\/www.feminafootball.com\/#organization\",\"name\":\"feminafootball\",\"url\":\"https:\/\/www.feminafootball.com\/\",\"logo\":{\"@type\":\"ImageObject\",\"inLanguage\":\"en-US\",\"@id\":\"https:\/\/www.feminafootball.com\/#\/schema\/logo\/image\/\",\"url\":\"https:\/\/www.feminafootball.com\/wp-content\/uploads\/2024\/02\/cropped-logo-Femina-Futbol2.png\",\"contentUrl\":\"https:\/\/www.feminafootball.com\/wp-content\/uploads\/2024\/02\/cropped-logo-Femina-Futbol2.png\",\"width\":538,\"height\":534,\"caption\":\"feminafootball\"},\"image\":{\"@id\":\"https:\/\/www.feminafootball.com\/#\/schema\/logo\/image\/\"}},{\"@type\":\"Person\",\"@id\":\"https:\/\/www.feminafootball.com\/#\/schema\/person\/391d3f4f1122da8a40b226d44c84eb13\",\"name\":\"Jorge Navarro\",\"image\":{\"@type\":\"ImageObject\",\"inLanguage\":\"en-US\",\"@id\":\"https:\/\/www.feminafootball.com\/#\/schema\/person\/image\/\",\"url\":\"https:\/\/secure.gravatar.com\/avatar\/cfba933a818315c02ce313f37b284cabbfe6a5241e203f5642cec4690a70dd7a?s=96&d=mm&r=g\",\"contentUrl\":\"https:\/\/secure.gravatar.com\/avatar\/cfba933a818315c02ce313f37b284cabbfe6a5241e203f5642cec4690a70dd7a?s=96&d=mm&r=g\",\"caption\":\"Jorge Navarro\"},\"url\":\"https:\/\/www.feminafootball.com\/en\/author\/jorge-navarro\/\"}]}<\/script>\n<!-- \/ Yoast SEO plugin. -->","yoast_head_json":{"title":"Sin luz verde para cambio de calendario en la NWSL - feminafootball","robots":{"index":"index","follow":"follow","max-snippet":"max-snippet:-1","max-image-preview":"max-image-preview:large","max-video-preview":"max-video-preview:-1"},"canonical":"https:\/\/www.feminafootball.com\/en\/lo_ultimo\/sin-luz-verde-para-cambio-de-calendario-en-la-nwsl\/","og_locale":"en_US","og_type":"article","og_title":"Sin luz verde para cambio de calendario en la NWSL - feminafootball","og_description":"Foto: Mundopelotanet La NWSL ha cancelado la votaci\u00f3n para modificar el calendario de primavera-oto\u00f1o a estar sincronizados con el modelo europeo (oto\u00f1o-primavera) , esto por la oposici\u00f3n de la asociaci\u00f3n de jugadoras. Las futbolistas alegan no ser tenidas en cuenta puesto que primero est\u00e1 su integridad f\u00edsica y la salud, debido a que no hay [&hellip;]","og_url":"https:\/\/www.feminafootball.com\/en\/lo_ultimo\/sin-luz-verde-para-cambio-de-calendario-en-la-nwsl\/","og_site_name":"feminafootball","article_published_time":"2026-05-03T12:09:46+00:00","og_image":[{"width":350,"height":350,"url":"https:\/\/www.feminafootball.com\/wp-content\/uploads\/2026\/05\/20260502_015848.jpg","type":"image\/jpeg"}],"author":"Jorge Navarro","twitter_card":"summary_large_image","twitter_misc":{"Written by":"Jorge Navarro","Est. reading time":"2 minutes"},"schema":{"@context":"https:\/\/schema.org","@graph":[{"@type":"Article","@id":"https:\/\/www.feminafootball.com\/lo_ultimo\/sin-luz-verde-para-cambio-de-calendario-en-la-nwsl\/#article","isPartOf":{"@id":"https:\/\/www.feminafootball.com\/lo_ultimo\/sin-luz-verde-para-cambio-de-calendario-en-la-nwsl\/"},"author":{"name":"Jorge Navarro","@id":"https:\/\/www.feminafootball.com\/#\/schema\/person\/391d3f4f1122da8a40b226d44c84eb13"},"headline":"Sin luz verde para cambio de calendario en la NWSL","datePublished":"2026-05-03T12:09:46+00:00","dateModified":"2026-05-03T12:09:46+00:00","mainEntityOfPage":{"@id":"https:\/\/www.feminafootball.com\/lo_ultimo\/sin-luz-verde-para-cambio-de-calendario-en-la-nwsl\/"},"wordCount":265,"commentCount":0,"publisher":{"@id":"https:\/\/www.feminafootball.com\/#organization"},"articleSection":["Lo \u00faltimo"],"inLanguage":"en-US","potentialAction":[{"@type":"CommentAction","name":"Comment","target":["https:\/\/www.feminafootball.com\/lo_ultimo\/sin-luz-verde-para-cambio-de-calendario-en-la-nwsl\/#respond"]}]},{"@type":"WebPage","@id":"https:\/\/www.feminafootball.com\/lo_ultimo\/sin-luz-verde-para-cambio-de-calendario-en-la-nwsl\/","url":"https:\/\/www.feminafootball.com\/lo_ultimo\/sin-luz-verde-para-cambio-de-calendario-en-la-nwsl\/","name":"Sin luz verde para cambio de calendario en la NWSL - feminafootball","isPartOf":{"@id":"https:\/\/www.feminafootball.com\/#website"},"datePublished":"2026-05-03T12:09:46+00:00","dateModified":"2026-05-03T12:09:46+00:00","breadcrumb":{"@id":"https:\/\/www.feminafootball.com\/lo_ultimo\/sin-luz-verde-para-cambio-de-calendario-en-la-nwsl\/#breadcrumb"},"inLanguage":"en-US","potentialAction":[{"@type":"ReadAction","target":["https:\/\/www.feminafootball.com\/lo_ultimo\/sin-luz-verde-para-cambio-de-calendario-en-la-nwsl\/"]}]},{"@type":"BreadcrumbList","@id":"https:\/\/www.feminafootball.com\/lo_ultimo\/sin-luz-verde-para-cambio-de-calendario-en-la-nwsl\/#breadcrumb","itemListElement":[{"@type":"ListItem","position":1,"name":"Portada","item":"https:\/\/www.feminafootball.com\/"},{"@type":"ListItem","position":2,"name":"Sin luz verde para cambio de calendario en la NWSL"}]},{"@type":"WebSite","@id":"https:\/\/www.feminafootball.com\/#website","url":"https:\/\/www.feminafootball.com\/","name":"feminafootball","description":"Medio especializado en el cubrimiento internacional de f\u00fatbol femenino","publisher":{"@id":"https:\/\/www.feminafootball.com\/#organization"},"potentialAction":[{"@type":"SearchAction","target":{"@type":"EntryPoint","urlTemplate":"https:\/\/www.feminafootball.com\/?s={search_term_string}"},"query-input":"required name=search_term_string"}],"inLanguage":"en-US"},{"@type":"Organization","@id":"https:\/\/www.feminafootball.com\/#organization","name":"feminafootball","url":"https:\/\/www.feminafootball.com\/","logo":{"@type":"ImageObject","inLanguage":"en-US","@id":"https:\/\/www.feminafootball.com\/#\/schema\/logo\/image\/","url":"https:\/\/www.feminafootball.com\/wp-content\/uploads\/2024\/02\/cropped-logo-Femina-Futbol2.png","contentUrl":"https:\/\/www.feminafootball.com\/wp-content\/uploads\/2024\/02\/cropped-logo-Femina-Futbol2.png","width":538,"height":534,"caption":"feminafootball"},"image":{"@id":"https:\/\/www.feminafootball.com\/#\/schema\/logo\/image\/"}},{"@type":"Person","@id":"https:\/\/www.feminafootball.com\/#\/schema\/person\/391d3f4f1122da8a40b226d44c84eb13","name":"Jorge Navarro","image":{"@type":"ImageObject","inLanguage":"en-US","@id":"https:\/\/www.feminafootball.com\/#\/schema\/person\/image\/","url":"https:\/\/secure.gravatar.com\/avatar\/cfba933a818315c02ce313f37b284cabbfe6a5241e203f5642cec4690a70dd7a?s=96&d=mm&r=g","contentUrl":"https:\/\/secure.gravatar.com\/avatar\/cfba933a818315c02ce313f37b284cabbfe6a5241e203f5642cec4690a70dd7a?s=96&d=mm&r=g","caption":"Jorge Navarro"},"url":"https:\/\/www.feminafootball.com\/en\/author\/jorge-navarro\/"}]}},"_links":{"self":[{"href":"https:\/\/www.feminafootball.com\/en\/wp-json\/wp\/v2\/posts\/11005","targetHints":{"allow":["GET"]}}],"collection":[{"href":"https:\/\/www.feminafootball.com\/en\/wp-json\/wp\/v2\/posts"}],"about":[{"href":"https:\/\/www.feminafootball.com\/en\/wp-json\/wp\/v2\/types\/post"}],"author":[{"embeddable":true,"href":"https:\/\/www.feminafootball.com\/en\/wp-json\/wp\/v2\/users\/42"}],"replies":[{"embeddable":true,"href":"https:\/\/www.feminafootball.com\/en\/wp-json\/wp\/v2\/comments?post=11005"}],"version-history":[{"count":2,"href":"https:\/\/www.feminafootball.com\/en\/wp-json\/wp\/v2\/posts\/11005\/revisions"}],"predecessor-version":[{"id":11008,"href":"https:\/\/www.feminafootball.com\/en\/wp-json\/wp\/v2\/posts\/11005\/revisions\/11008"}],"wp:featuredmedia":[{"embeddable":true,"href":"https:\/\/www.feminafootball.com\/en\/wp-json\/wp\/v2\/media\/11006"}],"wp:attachment":[{"href":"https:\/\/www.feminafootball.com\/en\/wp-json\/wp\/v2\/media?parent=11005"}],"wp:term":[{"taxonomy":"category","embeddable":true,"href":"https:\/\/www.feminafootball.com\/en\/wp-json\/wp\/v2\/categories?post=11005"},{"taxonomy":"post_tag","embeddable":true,"href":"https:\/\/www.feminafootball.com\/en\/wp-json\/wp\/v2\/tags?post=11005"}],"curies":[{"name":"wp","href":"https:\/\/api.w.org\/{rel}","templated":true}]}}