{"id":10984,"date":"2026-05-03T04:18:31","date_gmt":"2026-05-03T04:18:31","guid":{"rendered":"https:\/\/www.feminafootball.com\/?p=10984"},"modified":"2026-05-03T04:18:32","modified_gmt":"2026-05-03T04:18:32","slug":"christiane-endler-lleva-al-lyon-a-una-nueva-final-de-champions-tras-remontar-al-arsenal","status":"publish","type":"post","link":"https:\/\/www.feminafootball.com\/en\/lo_ultimo\/christiane-endler-lleva-al-lyon-a-una-nueva-final-de-champions-tras-remontar-al-arsenal\/","title":{"rendered":"Christiane Endler lleva al Lyon a una nueva final de Champions tras remontar al Arsenal"},"content":{"rendered":"<h2 class=\"wp-block-heading\">La arquera chilena fue clave en la clasificaci\u00f3n europea, en una noche de reacci\u00f3n colectiva, r\u00e9cords hist\u00f3ricos y protagonismo franc\u00e9s rumbo a Oslo.<\/h2>\n\n\n\n<p><em>Por Tom\u00e1s Rouge (@tomas.rouge_ok) \/ Foto de portada: OL Lyonnes.<\/em><\/p>\n\n\n\n<p>El Olympique Lyonnais volvi\u00f3 a escribir una p\u00e1gina grande en su historia europea y lo hizo con un nombre propio que atraviesa la escena: Christiane Endler. La arquera chilena fue parte de una clasificaci\u00f3n cargada de simbolismo, resiliencia y jerarqu\u00eda colectiva, en una semifinal de UEFA Women\u2019s Champions League que tuvo de todo y que deposit\u00f3 al equipo franc\u00e9s en su duod\u00e9cima final continental.<\/p>\n\n\n\n<p>El 3-1 sobre Arsenal en el Groupama Stadium sell\u00f3 una remontada global de 4-3 y confirm\u00f3, una vez m\u00e1s, la vigencia de una estructura que domina Europa desde hace m\u00e1s de una d\u00e9cada. Pero tambi\u00e9n signific\u00f3 algo m\u00e1s \u00edntimo: la reivindicaci\u00f3n deportiva de Endler tras una ida compleja en Londres, donde hab\u00eda quedado expuesta en los goles rivales.<\/p>\n\n\n\n<p><strong>La noche de la reacci\u00f3n y el peso de la historia<\/strong><\/p>\n\n\n\n<p>El inicio tuvo un aviso temprano. A los pocos minutos, un cabezazo de Lindsey Heaps termin\u00f3 en gol, pero fue anulado por fuera de juego de Ingrid Engen. Fue la primera se\u00f1al de un Lyon decidido a imponer condiciones.<\/p>\n\n\n\n<p>La apertura del marcador lleg\u00f3 tras una jugada revisada por VAR. Melchie Dumornay fue derribada en el \u00e1rea y la \u00e1rbitra sancion\u00f3 penal. Wendie Renard ejecut\u00f3, Daphne van Domselaar ataj\u00f3, pero adelant\u00e1ndose. En la repetici\u00f3n, la capitana no fall\u00f3: 1-0 y serie igualada 2-2 en el global.<\/p>\n\n\n\n<p>El segundo golpe lleg\u00f3 a los 36\u2019. Tras un c\u00f3rner ejecutado por Jule Brand, apareci\u00f3 Kadidiatou Diani en el segundo palo para empujar el bal\u00f3n. El 2-0 pon\u00eda al Lyon arriba en la eliminatoria.<\/p>\n\n\n\n<p>El Arsenal reaccion\u00f3 en la segunda parte. A los 76\u2019, Alessia Russo marc\u00f3 el descuento y volvi\u00f3 a igualar el global. La tensi\u00f3n creci\u00f3 y el fantasma de la pr\u00f3rroga se instal\u00f3.<\/p>\n\n\n\n<p>Pero el Lyon ten\u00eda una \u00faltima palabra. A los 89\u2019, Dumornay filtr\u00f3 un pase perfecto y Brand defini\u00f3 con precisi\u00f3n para el 3-1 definitivo. Un gol que no solo cerr\u00f3 el partido, sino que empuj\u00f3 al equipo franc\u00e9s hacia otra final europea.<\/p>\n\n\n\n<p><strong>Endler, resiliencia y tercera final europea<\/strong><\/p>\n\n\n\n<p>Para Endler, el partido tuvo un significado especial. Despu\u00e9s de una semana dif\u00edcil, respondi\u00f3 con seguridad, presencia y liderazgo. Jug\u00f3 los 90 minutos y sostuvo al equipo en momentos clave, como en una intervenci\u00f3n ante Victoria Pelova en el tramo final.<\/p>\n\n\n\n<p>La chilena alcanz\u00f3 as\u00ed su tercera final de Champions League, tras haber sido campeona en la temporada 2021\/22 y subcampeona en 2023\/24. Su recorrido la posiciona como una de las grandes referentes del arco a nivel mundial y como una figura central en el dominio europeo del Lyon.<\/p>\n\n\n<div class=\"wp-block-image\">\n<figure class=\"aligncenter size-large\"><img fetchpriority=\"high\" decoding=\"async\" width=\"770\" height=\"1024\" src=\"https:\/\/www.feminafootball.com\/wp-content\/uploads\/2026\/05\/A-fond.-\ud83e\udd81-1-770x1024.jpg\" alt=\"\" class=\"wp-image-10996\" srcset=\"https:\/\/www.feminafootball.com\/wp-content\/uploads\/2026\/05\/A-fond.-\ud83e\udd81-1-770x1024.jpg 770w, https:\/\/www.feminafootball.com\/wp-content\/uploads\/2026\/05\/A-fond.-\ud83e\udd81-1-225x300.jpg 225w, https:\/\/www.feminafootball.com\/wp-content\/uploads\/2026\/05\/A-fond.-\ud83e\udd81-1-768x1022.jpg 768w, https:\/\/www.feminafootball.com\/wp-content\/uploads\/2026\/05\/A-fond.-\ud83e\udd81-1-9x12.jpg 9w, https:\/\/www.feminafootball.com\/wp-content\/uploads\/2026\/05\/A-fond.-\ud83e\udd81-1.jpg 1080w\" sizes=\"(max-width: 770px) 100vw, 770px\" \/><figcaption class=\"wp-element-caption\"><em>Endler disputar\u00e1 su tercera definici\u00f3n de Champions y buscar\u00e1 su segunda corona en el m\u00e1ximo torneo europeo (Foto: OL Lyonnes).<\/em><\/figcaption><\/figure>\n<\/div>\n\n\n<p><strong>Renard, leyenda viva de la Champions<\/strong><\/p>\n\n\n\n<p>Si Endler representa el presente, Renard encarna la historia. La capitana volvi\u00f3 a ser decisiva en una noche grande y sum\u00f3 registros impactantes en la competici\u00f3n.<\/p>\n\n\n\n<p>Con su gol, alcanz\u00f3 los 39 en la Champions, quedando a solo dos del top 10 hist\u00f3rico, un dato extraordinario para una defensora central. Adem\u00e1s, se convirti\u00f3 en la jugadora m\u00e1s veterana en marcar en el torneo, con 35 a\u00f1os y 286 d\u00edas.<\/p>\n\n\n\n<p>Cada vez que Renard convierte en la Champions, el Lyon nunca pierde: 33 victorias y 1 empate. Tambi\u00e9n lleg\u00f3 a su 12\u00aa final, una cifra que supera incluso a referentes del f\u00fatbol masculino como Paolo Maldini y Paco Gento, ambos con ocho.<\/p>\n\n\n\n<p><strong>Una hegemon\u00eda sostenida en el tiempo<\/strong><\/p>\n\n\n\n<p>La clasificaci\u00f3n a la final no es un hecho aislado. Es la continuidad de un dominio que se extiende por m\u00e1s de 15 a\u00f1os.<\/p>\n\n\n\n<p>En las \u00faltimas 17 ediciones de la Champions, el Lyon alcanz\u00f3 12 finales y gan\u00f3 8 t\u00edtulos. Un recorrido que incluye conquistas en 2011, 2012, 2016, 2017, 2018, 2019, 2020 y 2022.<\/p>\n\n\n\n<p>Ning\u00fan otro club se acerca a ese registro: VfL Wolfsburg Femenino y FC Barcelona Femenino tienen seis finales cada uno.<\/p>\n\n\n\n<p><strong>Declaraciones desde el campo<\/strong><\/p>\n\n\n\n<p>Tras la eliminaci\u00f3n, Leah Williamson analiz\u00f3 el partido: \u201cA veces hay que reconocer el m\u00e9rito de otro equipo por ser imparable. Hoy han jugado muy bien y nosotras no hemos estado a la altura en la primera parte. Hay partidos que se decantan a tu favor y, posiblemente, deber\u00edamos haber marcado algunos goles m\u00e1s en el partido de ida para tener otro aire hoy. Es un rival dif\u00edcil. Creo que en la segunda hemos jugado mejor, pero no lo suficiente. Cuando quieres ganar un partido, tienes que aprovechar las ocasiones y crearlas, y hoy no lo hemos hecho\u201d.<\/p>\n\n\n\n<p>Por su parte, Engen tambi\u00e9n valor\u00f3 el momento: \u201cEs realmente especial. Esos son los partidos m\u00e1s grandes que hay y ser\u00e1 en mi pa\u00eds, es algo incre\u00edble. He so\u00f1ado con esto desde que supe que ser\u00eda en Oslo. Ada (Hegerberg) tuvimos un momento especial despu\u00e9s del partido. Estamos muy felices y listas para trabajar para ese d\u00eda. Seguramente cientos de familia y amigos est\u00e9n all\u00ed\u201d.<\/p>\n\n\n\n<p><strong>Lo que viene, con Oslo en el horizonte<\/strong><\/p>\n\n\n\n<p>La final se disputar\u00e1 el 23 de mayo en Oslo, Noruega. El rival saldr\u00e1 del cruce entre Bayern M\u00fanich y FC Barcelona, que empataron 1-1 en la ida.<\/p>\n\n\n\n<p>Para Endler, ser\u00e1 la oportunidad de ir por su segunda Champions. Para el Lyon, la chance de levantar la novena y seguir ampliando una hegemon\u00eda sin precedentes.<\/p>\n\n\n\n<p>En una noche de remontada, goles y estad\u00edsticas que engrandecen la historia, el foco tambi\u00e9n qued\u00f3 en el arco. Porque cuando el Lyon volvi\u00f3 a la final, lo hizo con la seguridad de siempre y con una chilena que ya es parte del ADN competitivo del club.<\/p>\n\n\n<div class=\"wp-block-image\">\n<figure class=\"aligncenter size-full\"><img decoding=\"async\" width=\"800\" height=\"534\" src=\"https:\/\/www.feminafootball.com\/wp-content\/uploads\/2026\/05\/Si-lo-puedes-sonar-lo-puedes-lograr-\ud83c\udfc6\ud83e\udd47-@wchampionsleague-@olfeminin-1.jpg\" alt=\"\" class=\"wp-image-10999\" srcset=\"https:\/\/www.feminafootball.com\/wp-content\/uploads\/2026\/05\/Si-lo-puedes-sonar-lo-puedes-lograr-\ud83c\udfc6\ud83e\udd47-@wchampionsleague-@olfeminin-1.jpg 800w, https:\/\/www.feminafootball.com\/wp-content\/uploads\/2026\/05\/Si-lo-puedes-sonar-lo-puedes-lograr-\ud83c\udfc6\ud83e\udd47-@wchampionsleague-@olfeminin-1-300x200.jpg 300w, https:\/\/www.feminafootball.com\/wp-content\/uploads\/2026\/05\/Si-lo-puedes-sonar-lo-puedes-lograr-\ud83c\udfc6\ud83e\udd47-@wchampionsleague-@olfeminin-1-768x513.jpg 768w, https:\/\/www.feminafootball.com\/wp-content\/uploads\/2026\/05\/Si-lo-puedes-sonar-lo-puedes-lograr-\ud83c\udfc6\ud83e\udd47-@wchampionsleague-@olfeminin-1-18x12.jpg 18w\" sizes=\"(max-width: 800px) 100vw, 800px\" \/><figcaption class=\"wp-element-caption\"><em>El Lyon revirti\u00f3 la serie en el Groupama Stadium y sell\u00f3 su duod\u00e9cima final continental con un 3-1 ante el Arsenal. Tiane Endler ir\u00e1 por su segunda Champions tras la coronaci\u00f3n en la temporada 2021\/22 (Foto: UEFA).<\/em><\/figcaption><\/figure>\n<\/div>\n\n\n<figure class=\"wp-block-embed aligncenter is-type-video is-provider-youtube wp-block-embed-youtube wp-embed-aspect-16-9 wp-has-aspect-ratio\"><div class=\"wp-block-embed__wrapper\">\n<iframe title=\"Lyonnes elimin\u00f3 dramaticamente al Arsenal con triunfo 3-1 y est\u00e1 en la final | Champions Femenina\" width=\"800\" height=\"450\" src=\"https:\/\/www.youtube.com\/embed\/3Ve9mmJTzuY?feature=oembed\" frameborder=\"0\" allow=\"accelerometer; autoplay; clipboard-write; encrypted-media; gyroscope; picture-in-picture; web-share\" referrerpolicy=\"strict-origin-when-cross-origin\" allowfullscreen><\/iframe>\n<\/div><figcaption class=\"wp-element-caption\"><em>Video: ESPN.<\/em><\/figcaption><\/figure>","protected":false},"excerpt":{"rendered":"<p>La arquera chilena fue clave en la clasificaci\u00f3n europea, en una noche de reacci\u00f3n colectiva, r\u00e9cords hist\u00f3ricos y protagonismo franc\u00e9s rumbo a Oslo. Por Tom\u00e1s Rouge (@tomas.rouge_ok) \/ Foto de portada: OL Lyonnes. El Olympique Lyonnais volvi\u00f3 a escribir una p\u00e1gina grande en su historia europea y lo hizo con un nombre propio que atraviesa [&hellip;]<\/p>","protected":false},"author":11,"featured_media":10993,"comment_status":"open","ping_status":"open","sticky":false,"template":"","format":"standard","meta":{"footnotes":""},"categories":[51,1,48,819],"tags":[372,689,302,119,314,414,506,410,384,838],"class_list":["post-10984","post","type-post","status-publish","format-standard","has-post-thumbnail","hentry","category-internacional","category-lo_ultimo","category-noticia","category-uwcl","tag-arsenal","tag-champions-league","tag-chile","tag-europa","tag-internacional","tag-lyon","tag-ol-lyonnes","tag-tiane-endler","tag-uefa","tag-uefa-womens-champions-league-2"],"yoast_head":"<!-- This site is optimized with the Yoast SEO plugin v22.1 - https:\/\/yoast.com\/wordpress\/plugins\/seo\/ -->\n<title>Christiane Endler lleva al Lyon a una nueva final de Champions tras remontar al Arsenal - feminafootball<\/title>\n<meta name=\"description\" content=\"La arquera chilena fue clave en la clasificaci\u00f3n europea, en una noche de reacci\u00f3n colectiva, r\u00e9cords hist\u00f3ricos y protagonismo franc\u00e9s rumbo a Oslo.\" \/>\n<meta name=\"robots\" content=\"index, follow, max-snippet:-1, max-image-preview:large, max-video-preview:-1\" \/>\n<link rel=\"canonical\" href=\"https:\/\/www.feminafootball.com\/en\/lo_ultimo\/christiane-endler-lleva-al-lyon-a-una-nueva-final-de-champions-tras-remontar-al-arsenal\/\" \/>\n<meta property=\"og:locale\" content=\"en_US\" \/>\n<meta property=\"og:type\" content=\"article\" \/>\n<meta property=\"og:title\" content=\"Christiane Endler lleva al Lyon a una nueva final de Champions tras remontar al Arsenal - feminafootball\" \/>\n<meta property=\"og:description\" content=\"La arquera chilena fue clave en la clasificaci\u00f3n europea, en una noche de reacci\u00f3n colectiva, r\u00e9cords hist\u00f3ricos y protagonismo franc\u00e9s rumbo a Oslo.\" \/>\n<meta property=\"og:url\" content=\"https:\/\/www.feminafootball.com\/en\/lo_ultimo\/christiane-endler-lleva-al-lyon-a-una-nueva-final-de-champions-tras-remontar-al-arsenal\/\" \/>\n<meta property=\"og:site_name\" content=\"feminafootball\" \/>\n<meta property=\"article:author\" content=\"https:\/\/www.facebook.com\/tomas.rouge\/?locale=es_LA\" \/>\n<meta property=\"article:published_time\" content=\"2026-05-03T04:18:31+00:00\" \/>\n<meta property=\"article:modified_time\" content=\"2026-05-03T04:18:32+00:00\" \/>\n<meta property=\"og:image\" content=\"https:\/\/www.feminafootball.com\/wp-content\/uploads\/2026\/05\/POSTS-2-1024x583.png\" \/>\n\t<meta property=\"og:image:width\" content=\"1024\" \/>\n\t<meta property=\"og:image:height\" content=\"583\" \/>\n\t<meta property=\"og:image:type\" content=\"image\/png\" \/>\n<meta name=\"author\" content=\"Tom\u00e1s Rouge\" \/>\n<meta name=\"twitter:card\" content=\"summary_large_image\" \/>\n<meta name=\"twitter:creator\" content=\"@tomas_rouge_ok\" \/>\n<meta name=\"twitter:label1\" content=\"Written by\" \/>\n\t<meta name=\"twitter:data1\" content=\"Tom\u00e1s Rouge\" \/>\n\t<meta name=\"twitter:label2\" content=\"Est. reading time\" \/>\n\t<meta name=\"twitter:data2\" content=\"6 minutes\" \/>\n<script type=\"application\/ld+json\" class=\"yoast-schema-graph\">{\"@context\":\"https:\/\/schema.org\",\"@graph\":[{\"@type\":\"Article\",\"@id\":\"https:\/\/www.feminafootball.com\/lo_ultimo\/christiane-endler-lleva-al-lyon-a-una-nueva-final-de-champions-tras-remontar-al-arsenal\/#article\",\"isPartOf\":{\"@id\":\"https:\/\/www.feminafootball.com\/lo_ultimo\/christiane-endler-lleva-al-lyon-a-una-nueva-final-de-champions-tras-remontar-al-arsenal\/\"},\"author\":{\"name\":\"Tom\u00e1s Rouge\",\"@id\":\"https:\/\/www.feminafootball.com\/#\/schema\/person\/b6b09353ffb27c60869116bf06bb2da8\"},\"headline\":\"Christiane Endler lleva al Lyon a una nueva final de Champions tras remontar al Arsenal\",\"datePublished\":\"2026-05-03T04:18:31+00:00\",\"dateModified\":\"2026-05-03T04:18:32+00:00\",\"mainEntityOfPage\":{\"@id\":\"https:\/\/www.feminafootball.com\/lo_ultimo\/christiane-endler-lleva-al-lyon-a-una-nueva-final-de-champions-tras-remontar-al-arsenal\/\"},\"wordCount\":1057,\"commentCount\":0,\"publisher\":{\"@id\":\"https:\/\/www.feminafootball.com\/#organization\"},\"keywords\":[\"Arsenal\",\"Champions League\",\"Chile\",\"Europa\",\"Internacional\",\"Lyon\",\"OL Lyonnes\",\"Tiane Endler\",\"UEFA\",\"UEFA Women\u2019s Champions League\"],\"articleSection\":[\"Internacional\",\"Lo \u00faltimo\",\"Noticia\",\"UWCL\"],\"inLanguage\":\"en-US\",\"potentialAction\":[{\"@type\":\"CommentAction\",\"name\":\"Comment\",\"target\":[\"https:\/\/www.feminafootball.com\/lo_ultimo\/christiane-endler-lleva-al-lyon-a-una-nueva-final-de-champions-tras-remontar-al-arsenal\/#respond\"]}]},{\"@type\":\"WebPage\",\"@id\":\"https:\/\/www.feminafootball.com\/lo_ultimo\/christiane-endler-lleva-al-lyon-a-una-nueva-final-de-champions-tras-remontar-al-arsenal\/\",\"url\":\"https:\/\/www.feminafootball.com\/lo_ultimo\/christiane-endler-lleva-al-lyon-a-una-nueva-final-de-champions-tras-remontar-al-arsenal\/\",\"name\":\"Christiane Endler lleva al Lyon a una nueva final de Champions tras remontar al Arsenal - feminafootball\",\"isPartOf\":{\"@id\":\"https:\/\/www.feminafootball.com\/#website\"},\"datePublished\":\"2026-05-03T04:18:31+00:00\",\"dateModified\":\"2026-05-03T04:18:32+00:00\",\"description\":\"La arquera chilena fue clave en la clasificaci\u00f3n europea, en una noche de reacci\u00f3n colectiva, r\u00e9cords hist\u00f3ricos y protagonismo franc\u00e9s rumbo a Oslo.\",\"breadcrumb\":{\"@id\":\"https:\/\/www.feminafootball.com\/lo_ultimo\/christiane-endler-lleva-al-lyon-a-una-nueva-final-de-champions-tras-remontar-al-arsenal\/#breadcrumb\"},\"inLanguage\":\"en-US\",\"potentialAction\":[{\"@type\":\"ReadAction\",\"target\":[\"https:\/\/www.feminafootball.com\/lo_ultimo\/christiane-endler-lleva-al-lyon-a-una-nueva-final-de-champions-tras-remontar-al-arsenal\/\"]}]},{\"@type\":\"BreadcrumbList\",\"@id\":\"https:\/\/www.feminafootball.com\/lo_ultimo\/christiane-endler-lleva-al-lyon-a-una-nueva-final-de-champions-tras-remontar-al-arsenal\/#breadcrumb\",\"itemListElement\":[{\"@type\":\"ListItem\",\"position\":1,\"name\":\"Portada\",\"item\":\"https:\/\/www.feminafootball.com\/\"},{\"@type\":\"ListItem\",\"position\":2,\"name\":\"Christiane Endler lleva al Lyon a una nueva final de Champions tras remontar al Arsenal\"}]},{\"@type\":\"WebSite\",\"@id\":\"https:\/\/www.feminafootball.com\/#website\",\"url\":\"https:\/\/www.feminafootball.com\/\",\"name\":\"feminafootball\",\"description\":\"Medio especializado en el cubrimiento internacional de f\u00fatbol femenino\",\"publisher\":{\"@id\":\"https:\/\/www.feminafootball.com\/#organization\"},\"potentialAction\":[{\"@type\":\"SearchAction\",\"target\":{\"@type\":\"EntryPoint\",\"urlTemplate\":\"https:\/\/www.feminafootball.com\/?s={search_term_string}\"},\"query-input\":\"required name=search_term_string\"}],\"inLanguage\":\"en-US\"},{\"@type\":\"Organization\",\"@id\":\"https:\/\/www.feminafootball.com\/#organization\",\"name\":\"feminafootball\",\"url\":\"https:\/\/www.feminafootball.com\/\",\"logo\":{\"@type\":\"ImageObject\",\"inLanguage\":\"en-US\",\"@id\":\"https:\/\/www.feminafootball.com\/#\/schema\/logo\/image\/\",\"url\":\"https:\/\/www.feminafootball.com\/wp-content\/uploads\/2024\/02\/cropped-logo-Femina-Futbol2.png\",\"contentUrl\":\"https:\/\/www.feminafootball.com\/wp-content\/uploads\/2024\/02\/cropped-logo-Femina-Futbol2.png\",\"width\":538,\"height\":534,\"caption\":\"feminafootball\"},\"image\":{\"@id\":\"https:\/\/www.feminafootball.com\/#\/schema\/logo\/image\/\"}},{\"@type\":\"Person\",\"@id\":\"https:\/\/www.feminafootball.com\/#\/schema\/person\/b6b09353ffb27c60869116bf06bb2da8\",\"name\":\"Tom\u00e1s Rouge\",\"image\":{\"@type\":\"ImageObject\",\"inLanguage\":\"en-US\",\"@id\":\"https:\/\/www.feminafootball.com\/#\/schema\/person\/image\/\",\"url\":\"https:\/\/secure.gravatar.com\/avatar\/15b195d3a00cec044345dca6e7140332dc3b56064e84f4794f898aca36deff5c?s=96&d=mm&r=g\",\"contentUrl\":\"https:\/\/secure.gravatar.com\/avatar\/15b195d3a00cec044345dca6e7140332dc3b56064e84f4794f898aca36deff5c?s=96&d=mm&r=g\",\"caption\":\"Tom\u00e1s Rouge\"},\"description\":\"Periodista de Argentina | Redactor de Diario Ol\u00e9 | Rumbo a #LA2028 | Cubro F\u00fatbol Femenino en F\u00e9mina Football de Colombia (corresponsal desde Argentina) | CM y productor de @Argentina_En_La_Cancha | Trabaj\u00e9 en FM Late 93.1 | Soy de Buenos Aires.\",\"sameAs\":[\"https:\/\/linktr.ee\/tomas.rouge\",\"https:\/\/www.facebook.com\/tomas.rouge\/?locale=es_LA\",\"https:\/\/www.instagram.com\/tomas.rouge_ok\/?hl=es\",\"https:\/\/www.linkedin.com\/in\/toms-rouge-072459177\/?originalSubdomain=ar\",\"https:\/\/twitter.com\/tomas_rouge_ok\",\"https:\/\/www.youtube.com\/@tomasrougeperiodista1723\"],\"url\":\"https:\/\/www.feminafootball.com\/en\/author\/tomas-rouge\/\"}]}<\/script>\n<!-- \/ Yoast SEO plugin. -->","yoast_head_json":{"title":"Christiane Endler lleva al Lyon a una nueva final de Champions tras remontar al Arsenal - feminafootball","description":"La arquera chilena fue clave en la clasificaci\u00f3n europea, en una noche de reacci\u00f3n colectiva, r\u00e9cords hist\u00f3ricos y protagonismo franc\u00e9s rumbo a Oslo.","robots":{"index":"index","follow":"follow","max-snippet":"max-snippet:-1","max-image-preview":"max-image-preview:large","max-video-preview":"max-video-preview:-1"},"canonical":"https:\/\/www.feminafootball.com\/en\/lo_ultimo\/christiane-endler-lleva-al-lyon-a-una-nueva-final-de-champions-tras-remontar-al-arsenal\/","og_locale":"en_US","og_type":"article","og_title":"Christiane Endler lleva al Lyon a una nueva final de Champions tras remontar al Arsenal - feminafootball","og_description":"La arquera chilena fue clave en la clasificaci\u00f3n europea, en una noche de reacci\u00f3n colectiva, r\u00e9cords hist\u00f3ricos y protagonismo franc\u00e9s rumbo a Oslo.","og_url":"https:\/\/www.feminafootball.com\/en\/lo_ultimo\/christiane-endler-lleva-al-lyon-a-una-nueva-final-de-champions-tras-remontar-al-arsenal\/","og_site_name":"feminafootball","article_author":"https:\/\/www.facebook.com\/tomas.rouge\/?locale=es_LA","article_published_time":"2026-05-03T04:18:31+00:00","article_modified_time":"2026-05-03T04:18:32+00:00","og_image":[{"width":1024,"height":583,"url":"https:\/\/www.feminafootball.com\/wp-content\/uploads\/2026\/05\/POSTS-2-1024x583.png","type":"image\/png"}],"author":"Tom\u00e1s Rouge","twitter_card":"summary_large_image","twitter_creator":"@tomas_rouge_ok","twitter_misc":{"Written by":"Tom\u00e1s Rouge","Est. reading time":"6 minutes"},"schema":{"@context":"https:\/\/schema.org","@graph":[{"@type":"Article","@id":"https:\/\/www.feminafootball.com\/lo_ultimo\/christiane-endler-lleva-al-lyon-a-una-nueva-final-de-champions-tras-remontar-al-arsenal\/#article","isPartOf":{"@id":"https:\/\/www.feminafootball.com\/lo_ultimo\/christiane-endler-lleva-al-lyon-a-una-nueva-final-de-champions-tras-remontar-al-arsenal\/"},"author":{"name":"Tom\u00e1s Rouge","@id":"https:\/\/www.feminafootball.com\/#\/schema\/person\/b6b09353ffb27c60869116bf06bb2da8"},"headline":"Christiane Endler lleva al Lyon a una nueva final de Champions tras remontar al Arsenal","datePublished":"2026-05-03T04:18:31+00:00","dateModified":"2026-05-03T04:18:32+00:00","mainEntityOfPage":{"@id":"https:\/\/www.feminafootball.com\/lo_ultimo\/christiane-endler-lleva-al-lyon-a-una-nueva-final-de-champions-tras-remontar-al-arsenal\/"},"wordCount":1057,"commentCount":0,"publisher":{"@id":"https:\/\/www.feminafootball.com\/#organization"},"keywords":["Arsenal","Champions League","Chile","Europa","Internacional","Lyon","OL Lyonnes","Tiane Endler","UEFA","UEFA Women\u2019s Champions League"],"articleSection":["Internacional","Lo \u00faltimo","Noticia","UWCL"],"inLanguage":"en-US","potentialAction":[{"@type":"CommentAction","name":"Comment","target":["https:\/\/www.feminafootball.com\/lo_ultimo\/christiane-endler-lleva-al-lyon-a-una-nueva-final-de-champions-tras-remontar-al-arsenal\/#respond"]}]},{"@type":"WebPage","@id":"https:\/\/www.feminafootball.com\/lo_ultimo\/christiane-endler-lleva-al-lyon-a-una-nueva-final-de-champions-tras-remontar-al-arsenal\/","url":"https:\/\/www.feminafootball.com\/lo_ultimo\/christiane-endler-lleva-al-lyon-a-una-nueva-final-de-champions-tras-remontar-al-arsenal\/","name":"Christiane Endler lleva al Lyon a una nueva final de Champions tras remontar al Arsenal - feminafootball","isPartOf":{"@id":"https:\/\/www.feminafootball.com\/#website"},"datePublished":"2026-05-03T04:18:31+00:00","dateModified":"2026-05-03T04:18:32+00:00","description":"La arquera chilena fue clave en la clasificaci\u00f3n europea, en una noche de reacci\u00f3n colectiva, r\u00e9cords hist\u00f3ricos y protagonismo franc\u00e9s rumbo a Oslo.","breadcrumb":{"@id":"https:\/\/www.feminafootball.com\/lo_ultimo\/christiane-endler-lleva-al-lyon-a-una-nueva-final-de-champions-tras-remontar-al-arsenal\/#breadcrumb"},"inLanguage":"en-US","potentialAction":[{"@type":"ReadAction","target":["https:\/\/www.feminafootball.com\/lo_ultimo\/christiane-endler-lleva-al-lyon-a-una-nueva-final-de-champions-tras-remontar-al-arsenal\/"]}]},{"@type":"BreadcrumbList","@id":"https:\/\/www.feminafootball.com\/lo_ultimo\/christiane-endler-lleva-al-lyon-a-una-nueva-final-de-champions-tras-remontar-al-arsenal\/#breadcrumb","itemListElement":[{"@type":"ListItem","position":1,"name":"Portada","item":"https:\/\/www.feminafootball.com\/"},{"@type":"ListItem","position":2,"name":"Christiane Endler lleva al Lyon a una nueva final de Champions tras remontar al Arsenal"}]},{"@type":"WebSite","@id":"https:\/\/www.feminafootball.com\/#website","url":"https:\/\/www.feminafootball.com\/","name":"feminafootball","description":"Medio especializado en el cubrimiento internacional de f\u00fatbol femenino","publisher":{"@id":"https:\/\/www.feminafootball.com\/#organization"},"potentialAction":[{"@type":"SearchAction","target":{"@type":"EntryPoint","urlTemplate":"https:\/\/www.feminafootball.com\/?s={search_term_string}"},"query-input":"required name=search_term_string"}],"inLanguage":"en-US"},{"@type":"Organization","@id":"https:\/\/www.feminafootball.com\/#organization","name":"feminafootball","url":"https:\/\/www.feminafootball.com\/","logo":{"@type":"ImageObject","inLanguage":"en-US","@id":"https:\/\/www.feminafootball.com\/#\/schema\/logo\/image\/","url":"https:\/\/www.feminafootball.com\/wp-content\/uploads\/2024\/02\/cropped-logo-Femina-Futbol2.png","contentUrl":"https:\/\/www.feminafootball.com\/wp-content\/uploads\/2024\/02\/cropped-logo-Femina-Futbol2.png","width":538,"height":534,"caption":"feminafootball"},"image":{"@id":"https:\/\/www.feminafootball.com\/#\/schema\/logo\/image\/"}},{"@type":"Person","@id":"https:\/\/www.feminafootball.com\/#\/schema\/person\/b6b09353ffb27c60869116bf06bb2da8","name":"Tom\u00e1s Rouge","image":{"@type":"ImageObject","inLanguage":"en-US","@id":"https:\/\/www.feminafootball.com\/#\/schema\/person\/image\/","url":"https:\/\/secure.gravatar.com\/avatar\/15b195d3a00cec044345dca6e7140332dc3b56064e84f4794f898aca36deff5c?s=96&d=mm&r=g","contentUrl":"https:\/\/secure.gravatar.com\/avatar\/15b195d3a00cec044345dca6e7140332dc3b56064e84f4794f898aca36deff5c?s=96&d=mm&r=g","caption":"Tom\u00e1s Rouge"},"description":"Periodista de Argentina | Redactor de Diario Ol\u00e9 | Rumbo a #LA2028 | Cubro F\u00fatbol Femenino en F\u00e9mina Football de Colombia (corresponsal desde Argentina) | CM y productor de @Argentina_En_La_Cancha | Trabaj\u00e9 en FM Late 93.1 | Soy de Buenos Aires.","sameAs":["https:\/\/linktr.ee\/tomas.rouge","https:\/\/www.facebook.com\/tomas.rouge\/?locale=es_LA","https:\/\/www.instagram.com\/tomas.rouge_ok\/?hl=es","https:\/\/www.linkedin.com\/in\/toms-rouge-072459177\/?originalSubdomain=ar","https:\/\/twitter.com\/tomas_rouge_ok","https:\/\/www.youtube.com\/@tomasrougeperiodista1723"],"url":"https:\/\/www.feminafootball.com\/en\/author\/tomas-rouge\/"}]}},"_links":{"self":[{"href":"https:\/\/www.feminafootball.com\/en\/wp-json\/wp\/v2\/posts\/10984","targetHints":{"allow":["GET"]}}],"collection":[{"href":"https:\/\/www.feminafootball.com\/en\/wp-json\/wp\/v2\/posts"}],"about":[{"href":"https:\/\/www.feminafootball.com\/en\/wp-json\/wp\/v2\/types\/post"}],"author":[{"embeddable":true,"href":"https:\/\/www.feminafootball.com\/en\/wp-json\/wp\/v2\/users\/11"}],"replies":[{"embeddable":true,"href":"https:\/\/www.feminafootball.com\/en\/wp-json\/wp\/v2\/comments?post=10984"}],"version-history":[{"count":7,"href":"https:\/\/www.feminafootball.com\/en\/wp-json\/wp\/v2\/posts\/10984\/revisions"}],"predecessor-version":[{"id":11001,"href":"https:\/\/www.feminafootball.com\/en\/wp-json\/wp\/v2\/posts\/10984\/revisions\/11001"}],"wp:featuredmedia":[{"embeddable":true,"href":"https:\/\/www.feminafootball.com\/en\/wp-json\/wp\/v2\/media\/10993"}],"wp:attachment":[{"href":"https:\/\/www.feminafootball.com\/en\/wp-json\/wp\/v2\/media?parent=10984"}],"wp:term":[{"taxonomy":"category","embeddable":true,"href":"https:\/\/www.feminafootball.com\/en\/wp-json\/wp\/v2\/categories?post=10984"},{"taxonomy":"post_tag","embeddable":true,"href":"https:\/\/www.feminafootball.com\/en\/wp-json\/wp\/v2\/tags?post=10984"}],"curies":[{"name":"wp","href":"https:\/\/api.w.org\/{rel}","templated":true}]}}