{"id":10760,"date":"2026-04-29T01:07:07","date_gmt":"2026-04-29T01:07:07","guid":{"rendered":"https:\/\/www.feminafootball.com\/?p=10760"},"modified":"2026-04-29T01:07:07","modified_gmt":"2026-04-29T01:07:07","slug":"priscila-chinchilla-atraviesa-un-gran-presente-en-espana-y-se-afirma-en-el-atletico-de-madrid","status":"publish","type":"post","link":"https:\/\/www.feminafootball.com\/en\/lo_ultimo\/priscila-chinchilla-atraviesa-un-gran-presente-en-espana-y-se-afirma-en-el-atletico-de-madrid\/","title":{"rendered":"Priscila Chinchilla atraviesa un gran presente en Espa\u00f1a y se afirma en el Atl\u00e9tico de Madrid"},"content":{"rendered":"<h2 class=\"wp-block-heading\">La delantera tica responde con goles y protagonismo tras su primera titularidad, consolidando su impacto inmediato y proyecci\u00f3n en la Liga F y en su Selecci\u00f3n.<\/h2>\n\n\n\n<p><em>Por Tom\u00e1s Rouge (@tomas.rouge_ok) \/ Foto de portada: Atl\u00e9tico de Madrid.<\/em><\/p>\n\n\n\n<p>Atl\u00e9tico de Madrid se sostiene en el impulso de una futbolista que atraviesa un momento dif\u00edcil de ignorar. Priscila Chinchilla responde en cada escenario y empieza a marcar una diferencia concreta, tanto en su club como en su selecci\u00f3n.<\/p>\n\n\n\n<p><strong>Un impacto que no espera<\/strong><\/p>\n\n\n\n<p>El contexto no era menor. Luego de casi cuatro meses de espera, la atacante tuvo este \u00faltimo fin de semana su primera titularidad con el Atl\u00e9tico de Madrid y la transform\u00f3 en una actuaci\u00f3n determinante. En la victoria 2-4 ante Levante Badalona, donde juega la argentina Estefan\u00eda Banini, la costarricense anot\u00f3 un doblete y fue elegida como la mejor jugadora del partido.<\/p>\n\n\n\n<p>El equipo dirigido por Jos\u00e9 \u00c1ngel Herrera encontr\u00f3 en ella una respuesta inmediata. La decisi\u00f3n de incluirla desde el inicio, influida tambi\u00e9n por la ausencia de Amaiur Sarriegi, se sostuvo en el rendimiento reciente de la delantera, que ven\u00eda de un par\u00f3n internacional con n\u00fameros fuera de lo com\u00fan.<\/p>\n\n\n\n<p><strong>Inicio demoledor en Palam\u00f3s<\/strong><\/p>\n\n\n\n<p>Desde el primer tramo del encuentro, Chinchilla mostr\u00f3 por qu\u00e9 atraviesa este presente. A los siete minutos, ley\u00f3 el pase en profundidad de Alexia Fern\u00e1ndez, gan\u00f3 en velocidad, dej\u00f3 atr\u00e1s a Carla Abd\u00f3n y defini\u00f3 con claridad para el 0-1.<\/p>\n\n\n\n<p>El segundo impacto lleg\u00f3 a los 24\u2019. Tras recibir por izquierda un env\u00edo de Rosa Oterm\u00edn, se acomod\u00f3 con precisi\u00f3n y coloc\u00f3 la pelota en el palo contrario, firmando el 0-2. Dos acciones distintas, pero con un mismo denominador: lectura, t\u00e9cnica y decisi\u00f3n.<\/p>\n\n\n\n<p>El desarrollo parec\u00eda encaminarse sin sobresaltos, pero el f\u00fatbol volvi\u00f3 a mostrar su complejidad. El conjunto local reaccion\u00f3 y logr\u00f3 igualar el marcador antes y despu\u00e9s del descanso, con goles de Itziar Pinillos (36\u2019) y Irina Uribe (59\u2019).<\/p>\n\n\n\n<p><strong>Resistencia y resoluci\u00f3n colectiva<\/strong><\/p>\n\n\n\n<p>Lejos de desdibujarse, el Atl\u00e9tico sostuvo la estructura. Chinchilla continu\u00f3 activa: se movi\u00f3 entre l\u00edneas, gener\u00f3 espacios y ofreci\u00f3 alternativas constantes. Incluso estuvo cerca de completar el hat-trick.<\/p>\n\n\n\n<p>El desenlace lleg\u00f3 desde el banco. Los ingresos de Luany da Silva y J\u00falia Bartel cambiaron el ritmo del cierre. A los 83\u2019, Bartel marc\u00f3 el 2-3 y, ya en el 90\u2019, Luany sell\u00f3 el 2-4 definitivo.<\/p>\n\n\n\n<p>El partido termin\u00f3 con una incidencia m\u00e1s: la expulsi\u00f3n de David Tom\u00e9, integrante del cuerpo t\u00e9cnico rojiblanco, en el minuto 85.<\/p>\n\n\n<div class=\"wp-block-image\">\n<figure class=\"aligncenter\"><img decoding=\"async\" src=\"https:\/\/pbs.twimg.com\/media\/HGyEapNbQAAxayF?format=jpg&amp;name=medium\" alt=\"Imagen\" \/><figcaption class=\"wp-element-caption\"><em>Chinchilla se consolida como figura emergente del equipo madrile\u00f1o, en un momento que combina rendimiento individual y crecimiento colectivo (Foto: Atl\u00e9tico de Madrid).<\/em><\/figcaption><\/figure>\n<\/div>\n\n\n<p><strong>La palabra de la protagonista<\/strong><\/p>\n\n\n\n<p>Tras el encuentro, Chinchilla no ocult\u00f3 lo que signific\u00f3 este punto de inflexi\u00f3n en su temporada:<\/p>\n\n\n\n<p>\u201cEsperaba mucho esta oportunidad y la he aprovechado de la mejor manera. Todo el mundo me ha apoyado, mi familia, mis amigas y el equipo en los momentos no tan buenos y en estos solo tengo que agradecer\u201d.<\/p>\n\n\n\n<p>Tambi\u00e9n proyect\u00f3 lo que viene para el equipo:<\/p>\n\n\n\n<p>\u201cEl Eibar va a querer ganar, pero nosotras estamos en casa y tenemos que respetar la casa, seguir trabajando y ganar los tres puntos\u201d.<\/p>\n\n\n\n<p><strong>Un presente que trasciende el club<\/strong><\/p>\n\n\n\n<p>Lo que sucede con Chinchilla no se explica solo por este partido. Su rendimiento reciente con la selecci\u00f3n de Costa Rica amplifica la lectura: ven\u00eda de marcar ocho goles en el par\u00f3n internacional, siete de ellos en un solo encuentro dentro del hist\u00f3rico 21-0 ante Islas Caim\u00e1n.<\/p>\n\n\n\n<p>Ese caudal ofensivo encuentra continuidad en Espa\u00f1a. En la Liga F, su actuaci\u00f3n fue la m\u00e1s destacada de la jornada, con una calificaci\u00f3n de 9.9 seg\u00fan m\u00e9tricas especializadas como Sofascore, liderando el once ideal de la fecha.<\/p>\n\n\n\n<p>Adem\u00e1s, su producci\u00f3n se vuelve a\u00fan m\u00e1s significativa si se observa el contexto: apenas suma 162 minutos en nueve partidos desde su llegada. La eficacia, en ese sentido, potencia su impacto.<\/p>\n\n\n\n<p><strong>Un Atl\u00e9tico en crecimiento<\/strong><\/p>\n\n\n\n<p>El triunfo permite al Atl\u00e9tico escalar posiciones en un torneo que ya est\u00e1 liquidado tras la coronaci\u00f3n del Barcelona, pero que sostiene su ilusi\u00f3n de acercarse a los puestos europeos, en una tabla en donde les sigue el Real Madrid de Linda Caicedo y la Real Sociedad, respectivamente.<\/p>\n\n\n\n<p>Mientras tanto, el equipo tambi\u00e9n mantiene en el horizonte la final de la Copa de la Reina, otro objetivo que atraviesa su calendario.<\/p>\n\n\n\n<p>En ese escenario, el presente de Chinchilla no solo aparece como una buena noticia individual. Es, sobre todo, una se\u00f1al de crecimiento colectivo. Una futbolista que esper\u00f3 su momento y que ahora, cuando llega, responde con goles, decisiones y protagonismo.<\/p>\n\n\n\n<figure class=\"wp-block-embed aligncenter is-type-video is-provider-youtube wp-block-embed-youtube wp-embed-aspect-16-9 wp-has-aspect-ratio\"><div class=\"wp-block-embed__wrapper\">\n<iframe title=\"FC BADALONA WOMEN 2 - 4 ATL\u00c9TICO DE MADRID | RESUMEN LIGA F MOEVE\" width=\"800\" height=\"450\" src=\"https:\/\/www.youtube.com\/embed\/HGZwdhHm2z8?feature=oembed\" frameborder=\"0\" allow=\"accelerometer; autoplay; clipboard-write; encrypted-media; gyroscope; picture-in-picture; web-share\" referrerpolicy=\"strict-origin-when-cross-origin\" allowfullscreen><\/iframe>\n<\/div><figcaption class=\"wp-element-caption\"><em>Video: Liga F.<\/em><\/figcaption><\/figure>","protected":false},"excerpt":{"rendered":"<p>La delantera tica responde con goles y protagonismo tras su primera titularidad, consolidando su impacto inmediato y proyecci\u00f3n en la Liga F y en su Selecci\u00f3n. Por Tom\u00e1s Rouge (@tomas.rouge_ok) \/ Foto de portada: Atl\u00e9tico de Madrid. Atl\u00e9tico de Madrid se sostiene en el impulso de una futbolista que atraviesa un momento dif\u00edcil de ignorar. [&hellip;]<\/p>","protected":false},"author":11,"featured_media":10763,"comment_status":"open","ping_status":"open","sticky":false,"template":"","format":"standard","meta":{"footnotes":""},"categories":[51,1,48],"tags":[861,429,41,84,431,384],"class_list":["post-10760","post","type-post","status-publish","format-standard","has-post-thumbnail","hentry","category-internacional","category-lo_ultimo","category-noticia","tag-atletico-de-madrid","tag-atletico-madrid","tag-espana","tag-liga-f","tag-priscila-chinchilla","tag-uefa"],"yoast_head":"<!-- This site is optimized with the Yoast SEO plugin v22.1 - https:\/\/yoast.com\/wordpress\/plugins\/seo\/ -->\n<title>Priscila Chinchilla atraviesa un gran presente en Espa\u00f1a y se afirma en el Atl\u00e9tico de Madrid - feminafootball<\/title>\n<meta name=\"description\" content=\"La delantera tica responde con goles y protagonismo tras su primera titularidad, consolidando su impacto inmediato y proyecci\u00f3n en la Liga F y en su Selecci\u00f3n.\" \/>\n<meta name=\"robots\" content=\"index, follow, max-snippet:-1, max-image-preview:large, max-video-preview:-1\" \/>\n<link rel=\"canonical\" href=\"https:\/\/www.feminafootball.com\/en\/lo_ultimo\/priscila-chinchilla-atraviesa-un-gran-presente-en-espana-y-se-afirma-en-el-atletico-de-madrid\/\" \/>\n<meta property=\"og:locale\" content=\"en_US\" \/>\n<meta property=\"og:type\" content=\"article\" \/>\n<meta property=\"og:title\" content=\"Priscila Chinchilla atraviesa un gran presente en Espa\u00f1a y se afirma en el Atl\u00e9tico de Madrid - feminafootball\" \/>\n<meta property=\"og:description\" content=\"La delantera tica responde con goles y protagonismo tras su primera titularidad, consolidando su impacto inmediato y proyecci\u00f3n en la Liga F y en su Selecci\u00f3n.\" \/>\n<meta property=\"og:url\" content=\"https:\/\/www.feminafootball.com\/en\/lo_ultimo\/priscila-chinchilla-atraviesa-un-gran-presente-en-espana-y-se-afirma-en-el-atletico-de-madrid\/\" \/>\n<meta property=\"og:site_name\" content=\"feminafootball\" \/>\n<meta property=\"article:author\" content=\"https:\/\/www.facebook.com\/tomas.rouge\/?locale=es_LA\" \/>\n<meta property=\"article:published_time\" content=\"2026-04-29T01:07:07+00:00\" \/>\n<meta property=\"og:image\" content=\"https:\/\/www.feminafootball.com\/wp-content\/uploads\/2026\/04\/POSTS-1-9-1024x583.png\" \/>\n\t<meta property=\"og:image:width\" content=\"1024\" \/>\n\t<meta property=\"og:image:height\" content=\"583\" \/>\n\t<meta property=\"og:image:type\" content=\"image\/png\" \/>\n<meta name=\"author\" content=\"Tom\u00e1s Rouge\" \/>\n<meta name=\"twitter:card\" content=\"summary_large_image\" \/>\n<meta name=\"twitter:creator\" content=\"@tomas_rouge_ok\" \/>\n<meta name=\"twitter:label1\" content=\"Written by\" \/>\n\t<meta name=\"twitter:data1\" content=\"Tom\u00e1s Rouge\" \/>\n\t<meta name=\"twitter:label2\" content=\"Est. reading time\" \/>\n\t<meta name=\"twitter:data2\" content=\"4 minutes\" \/>\n<script type=\"application\/ld+json\" class=\"yoast-schema-graph\">{\"@context\":\"https:\/\/schema.org\",\"@graph\":[{\"@type\":\"Article\",\"@id\":\"https:\/\/www.feminafootball.com\/lo_ultimo\/priscila-chinchilla-atraviesa-un-gran-presente-en-espana-y-se-afirma-en-el-atletico-de-madrid\/#article\",\"isPartOf\":{\"@id\":\"https:\/\/www.feminafootball.com\/lo_ultimo\/priscila-chinchilla-atraviesa-un-gran-presente-en-espana-y-se-afirma-en-el-atletico-de-madrid\/\"},\"author\":{\"name\":\"Tom\u00e1s Rouge\",\"@id\":\"https:\/\/www.feminafootball.com\/#\/schema\/person\/b6b09353ffb27c60869116bf06bb2da8\"},\"headline\":\"Priscila Chinchilla atraviesa un gran presente en Espa\u00f1a y se afirma en el Atl\u00e9tico de Madrid\",\"datePublished\":\"2026-04-29T01:07:07+00:00\",\"dateModified\":\"2026-04-29T01:07:07+00:00\",\"mainEntityOfPage\":{\"@id\":\"https:\/\/www.feminafootball.com\/lo_ultimo\/priscila-chinchilla-atraviesa-un-gran-presente-en-espana-y-se-afirma-en-el-atletico-de-madrid\/\"},\"wordCount\":839,\"commentCount\":0,\"publisher\":{\"@id\":\"https:\/\/www.feminafootball.com\/#organization\"},\"keywords\":[\"Atl\u00e9tico de Madrid\",\"Atl\u00e9tico Madrid\",\"Espa\u00f1a\",\"Liga F\",\"Priscila Chinchilla\",\"UEFA\"],\"articleSection\":[\"Internacional\",\"Lo \u00faltimo\",\"Noticia\"],\"inLanguage\":\"en-US\",\"potentialAction\":[{\"@type\":\"CommentAction\",\"name\":\"Comment\",\"target\":[\"https:\/\/www.feminafootball.com\/lo_ultimo\/priscila-chinchilla-atraviesa-un-gran-presente-en-espana-y-se-afirma-en-el-atletico-de-madrid\/#respond\"]}]},{\"@type\":\"WebPage\",\"@id\":\"https:\/\/www.feminafootball.com\/lo_ultimo\/priscila-chinchilla-atraviesa-un-gran-presente-en-espana-y-se-afirma-en-el-atletico-de-madrid\/\",\"url\":\"https:\/\/www.feminafootball.com\/lo_ultimo\/priscila-chinchilla-atraviesa-un-gran-presente-en-espana-y-se-afirma-en-el-atletico-de-madrid\/\",\"name\":\"Priscila Chinchilla atraviesa un gran presente en Espa\u00f1a y se afirma en el Atl\u00e9tico de Madrid - feminafootball\",\"isPartOf\":{\"@id\":\"https:\/\/www.feminafootball.com\/#website\"},\"datePublished\":\"2026-04-29T01:07:07+00:00\",\"dateModified\":\"2026-04-29T01:07:07+00:00\",\"description\":\"La delantera tica responde con goles y protagonismo tras su primera titularidad, consolidando su impacto inmediato y proyecci\u00f3n en la Liga F y en su Selecci\u00f3n.\",\"breadcrumb\":{\"@id\":\"https:\/\/www.feminafootball.com\/lo_ultimo\/priscila-chinchilla-atraviesa-un-gran-presente-en-espana-y-se-afirma-en-el-atletico-de-madrid\/#breadcrumb\"},\"inLanguage\":\"en-US\",\"potentialAction\":[{\"@type\":\"ReadAction\",\"target\":[\"https:\/\/www.feminafootball.com\/lo_ultimo\/priscila-chinchilla-atraviesa-un-gran-presente-en-espana-y-se-afirma-en-el-atletico-de-madrid\/\"]}]},{\"@type\":\"BreadcrumbList\",\"@id\":\"https:\/\/www.feminafootball.com\/lo_ultimo\/priscila-chinchilla-atraviesa-un-gran-presente-en-espana-y-se-afirma-en-el-atletico-de-madrid\/#breadcrumb\",\"itemListElement\":[{\"@type\":\"ListItem\",\"position\":1,\"name\":\"Portada\",\"item\":\"https:\/\/www.feminafootball.com\/\"},{\"@type\":\"ListItem\",\"position\":2,\"name\":\"Priscila Chinchilla atraviesa un gran presente en Espa\u00f1a y se afirma en el Atl\u00e9tico de Madrid\"}]},{\"@type\":\"WebSite\",\"@id\":\"https:\/\/www.feminafootball.com\/#website\",\"url\":\"https:\/\/www.feminafootball.com\/\",\"name\":\"feminafootball\",\"description\":\"Medio especializado en el cubrimiento internacional de f\u00fatbol femenino\",\"publisher\":{\"@id\":\"https:\/\/www.feminafootball.com\/#organization\"},\"potentialAction\":[{\"@type\":\"SearchAction\",\"target\":{\"@type\":\"EntryPoint\",\"urlTemplate\":\"https:\/\/www.feminafootball.com\/?s={search_term_string}\"},\"query-input\":\"required name=search_term_string\"}],\"inLanguage\":\"en-US\"},{\"@type\":\"Organization\",\"@id\":\"https:\/\/www.feminafootball.com\/#organization\",\"name\":\"feminafootball\",\"url\":\"https:\/\/www.feminafootball.com\/\",\"logo\":{\"@type\":\"ImageObject\",\"inLanguage\":\"en-US\",\"@id\":\"https:\/\/www.feminafootball.com\/#\/schema\/logo\/image\/\",\"url\":\"https:\/\/www.feminafootball.com\/wp-content\/uploads\/2024\/02\/cropped-logo-Femina-Futbol2.png\",\"contentUrl\":\"https:\/\/www.feminafootball.com\/wp-content\/uploads\/2024\/02\/cropped-logo-Femina-Futbol2.png\",\"width\":538,\"height\":534,\"caption\":\"feminafootball\"},\"image\":{\"@id\":\"https:\/\/www.feminafootball.com\/#\/schema\/logo\/image\/\"}},{\"@type\":\"Person\",\"@id\":\"https:\/\/www.feminafootball.com\/#\/schema\/person\/b6b09353ffb27c60869116bf06bb2da8\",\"name\":\"Tom\u00e1s Rouge\",\"image\":{\"@type\":\"ImageObject\",\"inLanguage\":\"en-US\",\"@id\":\"https:\/\/www.feminafootball.com\/#\/schema\/person\/image\/\",\"url\":\"https:\/\/secure.gravatar.com\/avatar\/15b195d3a00cec044345dca6e7140332dc3b56064e84f4794f898aca36deff5c?s=96&d=mm&r=g\",\"contentUrl\":\"https:\/\/secure.gravatar.com\/avatar\/15b195d3a00cec044345dca6e7140332dc3b56064e84f4794f898aca36deff5c?s=96&d=mm&r=g\",\"caption\":\"Tom\u00e1s Rouge\"},\"description\":\"Periodista de Argentina | Redactor de Diario Ol\u00e9 | Rumbo a #LA2028 | Cubro F\u00fatbol Femenino en F\u00e9mina Football de Colombia (corresponsal desde Argentina) | CM y productor de @Argentina_En_La_Cancha | Trabaj\u00e9 en FM Late 93.1 | Soy de Buenos Aires.\",\"sameAs\":[\"https:\/\/linktr.ee\/tomas.rouge\",\"https:\/\/www.facebook.com\/tomas.rouge\/?locale=es_LA\",\"https:\/\/www.instagram.com\/tomas.rouge_ok\/?hl=es\",\"https:\/\/www.linkedin.com\/in\/toms-rouge-072459177\/?originalSubdomain=ar\",\"https:\/\/twitter.com\/tomas_rouge_ok\",\"https:\/\/www.youtube.com\/@tomasrougeperiodista1723\"],\"url\":\"https:\/\/www.feminafootball.com\/en\/author\/tomas-rouge\/\"}]}<\/script>\n<!-- \/ Yoast SEO plugin. -->","yoast_head_json":{"title":"Priscila Chinchilla atraviesa un gran presente en Espa\u00f1a y se afirma en el Atl\u00e9tico de Madrid - feminafootball","description":"La delantera tica responde con goles y protagonismo tras su primera titularidad, consolidando su impacto inmediato y proyecci\u00f3n en la Liga F y en su Selecci\u00f3n.","robots":{"index":"index","follow":"follow","max-snippet":"max-snippet:-1","max-image-preview":"max-image-preview:large","max-video-preview":"max-video-preview:-1"},"canonical":"https:\/\/www.feminafootball.com\/en\/lo_ultimo\/priscila-chinchilla-atraviesa-un-gran-presente-en-espana-y-se-afirma-en-el-atletico-de-madrid\/","og_locale":"en_US","og_type":"article","og_title":"Priscila Chinchilla atraviesa un gran presente en Espa\u00f1a y se afirma en el Atl\u00e9tico de Madrid - feminafootball","og_description":"La delantera tica responde con goles y protagonismo tras su primera titularidad, consolidando su impacto inmediato y proyecci\u00f3n en la Liga F y en su Selecci\u00f3n.","og_url":"https:\/\/www.feminafootball.com\/en\/lo_ultimo\/priscila-chinchilla-atraviesa-un-gran-presente-en-espana-y-se-afirma-en-el-atletico-de-madrid\/","og_site_name":"feminafootball","article_author":"https:\/\/www.facebook.com\/tomas.rouge\/?locale=es_LA","article_published_time":"2026-04-29T01:07:07+00:00","og_image":[{"width":1024,"height":583,"url":"https:\/\/www.feminafootball.com\/wp-content\/uploads\/2026\/04\/POSTS-1-9-1024x583.png","type":"image\/png"}],"author":"Tom\u00e1s Rouge","twitter_card":"summary_large_image","twitter_creator":"@tomas_rouge_ok","twitter_misc":{"Written by":"Tom\u00e1s Rouge","Est. reading time":"4 minutes"},"schema":{"@context":"https:\/\/schema.org","@graph":[{"@type":"Article","@id":"https:\/\/www.feminafootball.com\/lo_ultimo\/priscila-chinchilla-atraviesa-un-gran-presente-en-espana-y-se-afirma-en-el-atletico-de-madrid\/#article","isPartOf":{"@id":"https:\/\/www.feminafootball.com\/lo_ultimo\/priscila-chinchilla-atraviesa-un-gran-presente-en-espana-y-se-afirma-en-el-atletico-de-madrid\/"},"author":{"name":"Tom\u00e1s Rouge","@id":"https:\/\/www.feminafootball.com\/#\/schema\/person\/b6b09353ffb27c60869116bf06bb2da8"},"headline":"Priscila Chinchilla atraviesa un gran presente en Espa\u00f1a y se afirma en el Atl\u00e9tico de Madrid","datePublished":"2026-04-29T01:07:07+00:00","dateModified":"2026-04-29T01:07:07+00:00","mainEntityOfPage":{"@id":"https:\/\/www.feminafootball.com\/lo_ultimo\/priscila-chinchilla-atraviesa-un-gran-presente-en-espana-y-se-afirma-en-el-atletico-de-madrid\/"},"wordCount":839,"commentCount":0,"publisher":{"@id":"https:\/\/www.feminafootball.com\/#organization"},"keywords":["Atl\u00e9tico de Madrid","Atl\u00e9tico Madrid","Espa\u00f1a","Liga F","Priscila Chinchilla","UEFA"],"articleSection":["Internacional","Lo \u00faltimo","Noticia"],"inLanguage":"en-US","potentialAction":[{"@type":"CommentAction","name":"Comment","target":["https:\/\/www.feminafootball.com\/lo_ultimo\/priscila-chinchilla-atraviesa-un-gran-presente-en-espana-y-se-afirma-en-el-atletico-de-madrid\/#respond"]}]},{"@type":"WebPage","@id":"https:\/\/www.feminafootball.com\/lo_ultimo\/priscila-chinchilla-atraviesa-un-gran-presente-en-espana-y-se-afirma-en-el-atletico-de-madrid\/","url":"https:\/\/www.feminafootball.com\/lo_ultimo\/priscila-chinchilla-atraviesa-un-gran-presente-en-espana-y-se-afirma-en-el-atletico-de-madrid\/","name":"Priscila Chinchilla atraviesa un gran presente en Espa\u00f1a y se afirma en el Atl\u00e9tico de Madrid - feminafootball","isPartOf":{"@id":"https:\/\/www.feminafootball.com\/#website"},"datePublished":"2026-04-29T01:07:07+00:00","dateModified":"2026-04-29T01:07:07+00:00","description":"La delantera tica responde con goles y protagonismo tras su primera titularidad, consolidando su impacto inmediato y proyecci\u00f3n en la Liga F y en su Selecci\u00f3n.","breadcrumb":{"@id":"https:\/\/www.feminafootball.com\/lo_ultimo\/priscila-chinchilla-atraviesa-un-gran-presente-en-espana-y-se-afirma-en-el-atletico-de-madrid\/#breadcrumb"},"inLanguage":"en-US","potentialAction":[{"@type":"ReadAction","target":["https:\/\/www.feminafootball.com\/lo_ultimo\/priscila-chinchilla-atraviesa-un-gran-presente-en-espana-y-se-afirma-en-el-atletico-de-madrid\/"]}]},{"@type":"BreadcrumbList","@id":"https:\/\/www.feminafootball.com\/lo_ultimo\/priscila-chinchilla-atraviesa-un-gran-presente-en-espana-y-se-afirma-en-el-atletico-de-madrid\/#breadcrumb","itemListElement":[{"@type":"ListItem","position":1,"name":"Portada","item":"https:\/\/www.feminafootball.com\/"},{"@type":"ListItem","position":2,"name":"Priscila Chinchilla atraviesa un gran presente en Espa\u00f1a y se afirma en el Atl\u00e9tico de Madrid"}]},{"@type":"WebSite","@id":"https:\/\/www.feminafootball.com\/#website","url":"https:\/\/www.feminafootball.com\/","name":"feminafootball","description":"Medio especializado en el cubrimiento internacional de f\u00fatbol femenino","publisher":{"@id":"https:\/\/www.feminafootball.com\/#organization"},"potentialAction":[{"@type":"SearchAction","target":{"@type":"EntryPoint","urlTemplate":"https:\/\/www.feminafootball.com\/?s={search_term_string}"},"query-input":"required name=search_term_string"}],"inLanguage":"en-US"},{"@type":"Organization","@id":"https:\/\/www.feminafootball.com\/#organization","name":"feminafootball","url":"https:\/\/www.feminafootball.com\/","logo":{"@type":"ImageObject","inLanguage":"en-US","@id":"https:\/\/www.feminafootball.com\/#\/schema\/logo\/image\/","url":"https:\/\/www.feminafootball.com\/wp-content\/uploads\/2024\/02\/cropped-logo-Femina-Futbol2.png","contentUrl":"https:\/\/www.feminafootball.com\/wp-content\/uploads\/2024\/02\/cropped-logo-Femina-Futbol2.png","width":538,"height":534,"caption":"feminafootball"},"image":{"@id":"https:\/\/www.feminafootball.com\/#\/schema\/logo\/image\/"}},{"@type":"Person","@id":"https:\/\/www.feminafootball.com\/#\/schema\/person\/b6b09353ffb27c60869116bf06bb2da8","name":"Tom\u00e1s Rouge","image":{"@type":"ImageObject","inLanguage":"en-US","@id":"https:\/\/www.feminafootball.com\/#\/schema\/person\/image\/","url":"https:\/\/secure.gravatar.com\/avatar\/15b195d3a00cec044345dca6e7140332dc3b56064e84f4794f898aca36deff5c?s=96&d=mm&r=g","contentUrl":"https:\/\/secure.gravatar.com\/avatar\/15b195d3a00cec044345dca6e7140332dc3b56064e84f4794f898aca36deff5c?s=96&d=mm&r=g","caption":"Tom\u00e1s Rouge"},"description":"Periodista de Argentina | Redactor de Diario Ol\u00e9 | Rumbo a #LA2028 | Cubro F\u00fatbol Femenino en F\u00e9mina Football de Colombia (corresponsal desde Argentina) | CM y productor de @Argentina_En_La_Cancha | Trabaj\u00e9 en FM Late 93.1 | Soy de Buenos Aires.","sameAs":["https:\/\/linktr.ee\/tomas.rouge","https:\/\/www.facebook.com\/tomas.rouge\/?locale=es_LA","https:\/\/www.instagram.com\/tomas.rouge_ok\/?hl=es","https:\/\/www.linkedin.com\/in\/toms-rouge-072459177\/?originalSubdomain=ar","https:\/\/twitter.com\/tomas_rouge_ok","https:\/\/www.youtube.com\/@tomasrougeperiodista1723"],"url":"https:\/\/www.feminafootball.com\/en\/author\/tomas-rouge\/"}]}},"_links":{"self":[{"href":"https:\/\/www.feminafootball.com\/en\/wp-json\/wp\/v2\/posts\/10760","targetHints":{"allow":["GET"]}}],"collection":[{"href":"https:\/\/www.feminafootball.com\/en\/wp-json\/wp\/v2\/posts"}],"about":[{"href":"https:\/\/www.feminafootball.com\/en\/wp-json\/wp\/v2\/types\/post"}],"author":[{"embeddable":true,"href":"https:\/\/www.feminafootball.com\/en\/wp-json\/wp\/v2\/users\/11"}],"replies":[{"embeddable":true,"href":"https:\/\/www.feminafootball.com\/en\/wp-json\/wp\/v2\/comments?post=10760"}],"version-history":[{"count":4,"href":"https:\/\/www.feminafootball.com\/en\/wp-json\/wp\/v2\/posts\/10760\/revisions"}],"predecessor-version":[{"id":10765,"href":"https:\/\/www.feminafootball.com\/en\/wp-json\/wp\/v2\/posts\/10760\/revisions\/10765"}],"wp:featuredmedia":[{"embeddable":true,"href":"https:\/\/www.feminafootball.com\/en\/wp-json\/wp\/v2\/media\/10763"}],"wp:attachment":[{"href":"https:\/\/www.feminafootball.com\/en\/wp-json\/wp\/v2\/media?parent=10760"}],"wp:term":[{"taxonomy":"category","embeddable":true,"href":"https:\/\/www.feminafootball.com\/en\/wp-json\/wp\/v2\/categories?post=10760"},{"taxonomy":"post_tag","embeddable":true,"href":"https:\/\/www.feminafootball.com\/en\/wp-json\/wp\/v2\/tags?post=10760"}],"curies":[{"name":"wp","href":"https:\/\/api.w.org\/{rel}","templated":true}]}}