{"id":10744,"date":"2026-04-28T17:48:26","date_gmt":"2026-04-28T17:48:26","guid":{"rendered":"https:\/\/www.feminafootball.com\/?p=10744"},"modified":"2026-04-28T17:48:27","modified_gmt":"2026-04-28T17:48:27","slug":"colombia-sub-15-define-convocatoria-para-el-torneo-de-desarrollo-uefa-2026-en-croacia","status":"publish","type":"post","link":"https:\/\/www.feminafootball.com\/en\/lo_ultimo\/colombia-sub-15-define-convocatoria-para-el-torneo-de-desarrollo-uefa-2026-en-croacia\/","title":{"rendered":"Colombia Sub-15 define convocatoria para el Torneo de Desarrollo UEFA 2026 en Croacia"},"content":{"rendered":"<h2 class=\"wp-block-heading\">El plantel juvenil viajar\u00e1 a Zagreb tras su preparaci\u00f3n en Bogot\u00e1, con talento local y experiencia internacional en busca de crecimiento competitivo global tras el bronce en los Juegos Sudamericanos de la Juventud de Panam\u00e1.<\/h2>\n\n\n\n<p><em>Por Tom\u00e1s Rouge (@tomas.rouge_ok) \/ Foto de portada: FCF.<\/em><\/p>\n\n\n\n<p>La Selecci\u00f3n Colombia Femenina Sub-15 puso en marcha un nuevo cap\u00edtulo de su proceso formativo con la oficializaci\u00f3n de su convocatoria para el Torneo de Desarrollo de la UEFA 2026, una cita que marcar\u00e1 el pulso competitivo de la categor\u00eda en escenario internacional.<\/p>\n\n\n\n<p>El equipo dirigido por Alejandro Camacho afrontar\u00e1 el reto en Zagreb, entre el 3 y el 12 de mayo, con una base de 20 futbolistas que representan tanto el trabajo local como la proyecci\u00f3n global del talento colombiano.<\/p>\n\n\n<div class=\"wp-block-image\">\n<figure class=\"aligncenter\"><img decoding=\"async\" src=\"https:\/\/fcf.com.co\/wp-content\/uploads\/2026\/04\/FIXTURE-TORNEOS-web-1024x576.png\" alt=\"\" \/><figcaption class=\"wp-element-caption\"><em>El equipo dirigido por Alejandro Camacho afrontar\u00e1 tres partidos ante selecciones europeas como parte de su proceso formativo internacional (Foto: FCF).<\/em><\/figcaption><\/figure>\n<\/div>\n\n\n<p><strong>Un proceso que se proyecta desde Bogot\u00e1<\/strong><\/p>\n\n\n\n<p>La preparaci\u00f3n comenz\u00f3 con una concentraci\u00f3n en la Sede Deportiva de la Federaci\u00f3n Colombiana de F\u00fatbol en Bogot\u00e1, desarrollada entre el 25 de abril y el 2 de mayo. All\u00ed, el cuerpo t\u00e9cnico trabaj\u00f3 en la consolidaci\u00f3n de una identidad colectiva que prioriza la formaci\u00f3n integral por encima del resultado inmediato.<\/p>\n\n\n\n<p>El grupo llega con rodaje reciente tras su participaci\u00f3n en los Juegos Suramericanos de la Juventud Panam\u00e1 2026, donde consigui\u00f3 el tercer lugar, un antecedente que aporta confianza pero tambi\u00e9n eleva la exigencia en el nuevo desaf\u00edo europeo.<\/p>\n\n\n\n<p>Camacho, bogotano de 28 a\u00f1os y al frente del proceso desde agosto de 2025, lidera un equipo multidisciplinario que incorpora preparaci\u00f3n f\u00edsica, an\u00e1lisis de video y acompa\u00f1amiento m\u00e9dico. La estructura apunta a sostener un desarrollo sostenido, con \u00e9nfasis en la construcci\u00f3n de identidad y sentido de pertenencia.<\/p>\n\n\n\n<p><strong>Convocatoria con sello local e internacional<\/strong><\/p>\n\n\n\n<p>La lista de convocadas evidencia un equilibrio entre jugadoras formadas en el pa\u00eds y futbolistas que compiten en academias del exterior, especialmente en Estados Unidos. Nombres como Alejandra Jurado (Deportivo Cali), Alexandra Mosquera (Atlas CP), Camila V\u00e9lez (Sunrise Surf) y Zoe Cuevas (Pinecrest Premier GA) reflejan esa diversidad que ampl\u00eda el horizonte competitivo del plantel.<\/p>\n\n\n\n<p>El detalle completo de la convocatoria incluye:<\/p>\n\n\n<div class=\"wp-block-image\">\n<figure class=\"aligncenter\"><img decoding=\"async\" src=\"https:\/\/fcf.com.co\/wp-content\/uploads\/2026\/04\/image-2-1024x576.png\" alt=\"\" \/><figcaption class=\"wp-element-caption\"><em>La lista de 20 jugadoras combina futbolistas de ligas colombianas y academias en Estados Unidos, consolidando una base con proyecci\u00f3n global (Foto: FCF).<\/em><\/figcaption><\/figure>\n<\/div>\n\n\n<p><em>Porteras<\/em><\/p>\n\n\n\n<p>Isabella Medina (Dicono 5)<br>Hasleidy Barrera (Academia Alejo)<\/p>\n\n\n\n<p><em>Defensas<\/em><\/p>\n\n\n\n<p>Alexandra Mosquera (Atlas CP)<br>Andrea Montenegro (Gol Star)<br>Isabella Alzate (Escuela Carlos Sarmiento Lora)<br>Isabella Aponte (Escuela Carlos Sarmiento Lora)<br>Sara Bedoya (Atl\u00e9tico Dosquebradas)<br>Zoe Cuevas (Pinecrest Premier GA, USA)<\/p>\n\n\n\n<p><em>Mediocampistas<\/em><\/p>\n\n\n\n<p>Alejandra Jurado (Deportivo Cali)<br>Ana P\u00e9rez (Sarmiento Lora)<br>Camila V\u00e9lez (Sunrise Surf, USA)<br>Daizy Pizarro (San Diego Surf Soccer Club, USA)<br>Juana Fl\u00f3rez (Atl\u00e9tico Nacional)<br>Mariana Cuen\u00fa (Atlas C.P)<br>Melani Orobio (Jega FC Pereira)<br>Natalia Cuellar (Talento Tolimense)<\/p>\n\n\n\n<p><em>Delanteras<\/em><\/p>\n\n\n\n<p>Lisy Z\u00fa\u00f1iga (Cortulu\u00e1)<br>Luciana Loboa (Llaneros F.C.)<br>Sarai Palacios (Cortulu\u00e1)<br>Valentina Huertas (Sunrise Surf, USA)<\/p>\n\n\n\n<p>Este grupo corresponde al microciclo de preparaci\u00f3n realizado en Bogot\u00e1 y ser\u00e1 la base que viajar\u00e1 a Europa para competir en el torneo.<\/p>\n\n\n\n<p><strong>Medirse con Europa, el gran objetivo<\/strong><\/p>\n\n\n\n<p>La participaci\u00f3n en el torneo no solo implica competir, sino tambi\u00e9n evaluar el nivel del f\u00fatbol formativo colombiano frente a est\u00e1ndares europeos. En ese sentido, el fixture ofrece un panorama exigente:<\/p>\n\n\n\n<ul class=\"wp-block-list\">\n<li>Colombia vs. Suiza: mi\u00e9rcoles 6 de mayo \u2013 10:00 a. m. (hora Colombia)<\/li>\n\n\n\n<li>Colombia vs. Croacia: viernes 8 de mayo \u2013 4:00 a. m.<\/li>\n\n\n\n<li>Colombia vs. Eslovenia: lunes 11 de mayo \u2013 8:00 a. m.<\/li>\n<\/ul>\n\n\n\n<p>Los encuentros se disputar\u00e1n en el estadio NK Nafta\u0161, en la ciudad de Ivani\u0107-Grad, y servir\u00e1n como una plataforma de aprendizaje en contextos de alta competencia.<\/p>\n\n\n\n<p><strong>El valor del proceso m\u00e1s all\u00e1 del resultado<\/strong><\/p>\n\n\n\n<p>M\u00e1s all\u00e1 de los marcadores, el foco est\u00e1 puesto en el crecimiento. Cada convocatoria, cada concentraci\u00f3n y cada torneo suma experiencia para una generaci\u00f3n que empieza a construir su camino en el f\u00fatbol internacional.<\/p>\n\n\n<div class=\"wp-block-image\">\n<figure class=\"aligncenter\"><img decoding=\"async\" src=\"https:\/\/pbs.twimg.com\/media\/HGMxnLKWwAASrHk?format=jpg&amp;name=large\" alt=\"Imagen\" \/><figcaption class=\"wp-element-caption\"><em>La Selecci\u00f3n Sub-15 viene de logar el tercer puesto en los Juegos Sudamericanos de la Juventud de Panam\u00e1 2026 (Foto: FCF).<\/em><\/figcaption><\/figure>\n<\/div>\n\n\n<p>El proceso importa: medir rendimientos, adaptarse a ritmos distintos y fortalecer la cohesi\u00f3n grupal son elementos que definen el verdadero alcance de esta experiencia. La presencia de jugadoras en ligas extranjeras y el respaldo de una estructura t\u00e9cnica profesional refuerzan la idea de un proyecto que mira a largo plazo.<\/p>\n\n\n\n<p>Colombia viaja a Europa con una base s\u00f3lida y una identidad en construcci\u00f3n. En Zagreb, no solo competir\u00e1: buscar\u00e1 consolidar un modelo que proyecte al f\u00fatbol femenino juvenil hacia nuevos escenarios de reconocimiento.<\/p>","protected":false},"excerpt":{"rendered":"<p>El plantel juvenil viajar\u00e1 a Zagreb tras su preparaci\u00f3n en Bogot\u00e1, con talento local y experiencia internacional en busca de crecimiento competitivo global tras el bronce en los Juegos Sudamericanos de la Juventud de Panam\u00e1. Por Tom\u00e1s Rouge (@tomas.rouge_ok) \/ Foto de portada: FCF. La Selecci\u00f3n Colombia Femenina Sub-15 puso en marcha un nuevo cap\u00edtulo [&hellip;]<\/p>","protected":false},"author":11,"featured_media":10748,"comment_status":"open","ping_status":"open","sticky":false,"template":"","format":"standard","meta":{"footnotes":""},"categories":[1,48],"tags":[860,102,857,858,15,856,859,384],"class_list":["post-10744","post","type-post","status-publish","format-standard","has-post-thumbnail","hentry","category-lo_ultimo","category-noticia","tag-alejandro-camacho","tag-colombia","tag-colombia-sub-15","tag-croacia","tag-seleccion-colombia","tag-sub-15","tag-torneo-de-desarrollo-de-la-uefa","tag-uefa"],"yoast_head":"<!-- This site is optimized with the Yoast SEO plugin v22.1 - https:\/\/yoast.com\/wordpress\/plugins\/seo\/ -->\n<title>Colombia Sub-15 define convocatoria para el Torneo de Desarrollo UEFA 2026 en Croacia - feminafootball<\/title>\n<meta name=\"description\" content=\"El plantel juvenil viajar\u00e1 a Zagreb tras su preparaci\u00f3n en Bogot\u00e1, con talento local y experiencia internacional en busca de crecimiento competitivo global tras el bronce en los Juegos Sudamericanos de la Juventud de Panam\u00e1.\" \/>\n<meta name=\"robots\" content=\"index, follow, max-snippet:-1, max-image-preview:large, max-video-preview:-1\" \/>\n<link rel=\"canonical\" href=\"https:\/\/www.feminafootball.com\/en\/lo_ultimo\/colombia-sub-15-define-convocatoria-para-el-torneo-de-desarrollo-uefa-2026-en-croacia\/\" \/>\n<meta property=\"og:locale\" content=\"en_US\" \/>\n<meta property=\"og:type\" content=\"article\" \/>\n<meta property=\"og:title\" content=\"Colombia Sub-15 define convocatoria para el Torneo de Desarrollo UEFA 2026 en Croacia - feminafootball\" \/>\n<meta property=\"og:description\" content=\"El plantel juvenil viajar\u00e1 a Zagreb tras su preparaci\u00f3n en Bogot\u00e1, con talento local y experiencia internacional en busca de crecimiento competitivo global tras el bronce en los Juegos Sudamericanos de la Juventud de Panam\u00e1.\" \/>\n<meta property=\"og:url\" content=\"https:\/\/www.feminafootball.com\/en\/lo_ultimo\/colombia-sub-15-define-convocatoria-para-el-torneo-de-desarrollo-uefa-2026-en-croacia\/\" \/>\n<meta property=\"og:site_name\" content=\"feminafootball\" \/>\n<meta property=\"article:author\" content=\"https:\/\/www.facebook.com\/tomas.rouge\/?locale=es_LA\" \/>\n<meta property=\"article:published_time\" content=\"2026-04-28T17:48:26+00:00\" \/>\n<meta property=\"article:modified_time\" content=\"2026-04-28T17:48:27+00:00\" \/>\n<meta property=\"og:image\" content=\"https:\/\/www.feminafootball.com\/wp-content\/uploads\/2026\/04\/POSTS-27-1024x583.png\" \/>\n\t<meta property=\"og:image:width\" content=\"1024\" \/>\n\t<meta property=\"og:image:height\" content=\"583\" \/>\n\t<meta property=\"og:image:type\" content=\"image\/png\" \/>\n<meta name=\"author\" content=\"Tom\u00e1s Rouge\" \/>\n<meta name=\"twitter:card\" content=\"summary_large_image\" \/>\n<meta name=\"twitter:creator\" content=\"@tomas_rouge_ok\" \/>\n<meta name=\"twitter:label1\" content=\"Written by\" \/>\n\t<meta name=\"twitter:data1\" content=\"Tom\u00e1s Rouge\" \/>\n\t<meta name=\"twitter:label2\" content=\"Est. reading time\" \/>\n\t<meta name=\"twitter:data2\" content=\"5 minutes\" \/>\n<script type=\"application\/ld+json\" class=\"yoast-schema-graph\">{\"@context\":\"https:\/\/schema.org\",\"@graph\":[{\"@type\":\"Article\",\"@id\":\"https:\/\/www.feminafootball.com\/lo_ultimo\/colombia-sub-15-define-convocatoria-para-el-torneo-de-desarrollo-uefa-2026-en-croacia\/#article\",\"isPartOf\":{\"@id\":\"https:\/\/www.feminafootball.com\/lo_ultimo\/colombia-sub-15-define-convocatoria-para-el-torneo-de-desarrollo-uefa-2026-en-croacia\/\"},\"author\":{\"name\":\"Tom\u00e1s Rouge\",\"@id\":\"https:\/\/www.feminafootball.com\/#\/schema\/person\/b6b09353ffb27c60869116bf06bb2da8\"},\"headline\":\"Colombia Sub-15 define convocatoria para el Torneo de Desarrollo UEFA 2026 en Croacia\",\"datePublished\":\"2026-04-28T17:48:26+00:00\",\"dateModified\":\"2026-04-28T17:48:27+00:00\",\"mainEntityOfPage\":{\"@id\":\"https:\/\/www.feminafootball.com\/lo_ultimo\/colombia-sub-15-define-convocatoria-para-el-torneo-de-desarrollo-uefa-2026-en-croacia\/\"},\"wordCount\":790,\"commentCount\":0,\"publisher\":{\"@id\":\"https:\/\/www.feminafootball.com\/#organization\"},\"keywords\":[\"Alejandro Camacho\",\"Colombia\",\"Colombia Sub-15\",\"Croacia\",\"Selecci\u00f3n Colombia\",\"Sub-15\",\"Torneo de Desarrollo de la UEFA\",\"UEFA\"],\"articleSection\":[\"Lo \u00faltimo\",\"Noticia\"],\"inLanguage\":\"en-US\",\"potentialAction\":[{\"@type\":\"CommentAction\",\"name\":\"Comment\",\"target\":[\"https:\/\/www.feminafootball.com\/lo_ultimo\/colombia-sub-15-define-convocatoria-para-el-torneo-de-desarrollo-uefa-2026-en-croacia\/#respond\"]}]},{\"@type\":\"WebPage\",\"@id\":\"https:\/\/www.feminafootball.com\/lo_ultimo\/colombia-sub-15-define-convocatoria-para-el-torneo-de-desarrollo-uefa-2026-en-croacia\/\",\"url\":\"https:\/\/www.feminafootball.com\/lo_ultimo\/colombia-sub-15-define-convocatoria-para-el-torneo-de-desarrollo-uefa-2026-en-croacia\/\",\"name\":\"Colombia Sub-15 define convocatoria para el Torneo de Desarrollo UEFA 2026 en Croacia - feminafootball\",\"isPartOf\":{\"@id\":\"https:\/\/www.feminafootball.com\/#website\"},\"datePublished\":\"2026-04-28T17:48:26+00:00\",\"dateModified\":\"2026-04-28T17:48:27+00:00\",\"description\":\"El plantel juvenil viajar\u00e1 a Zagreb tras su preparaci\u00f3n en Bogot\u00e1, con talento local y experiencia internacional en busca de crecimiento competitivo global tras el bronce en los Juegos Sudamericanos de la Juventud de Panam\u00e1.\",\"breadcrumb\":{\"@id\":\"https:\/\/www.feminafootball.com\/lo_ultimo\/colombia-sub-15-define-convocatoria-para-el-torneo-de-desarrollo-uefa-2026-en-croacia\/#breadcrumb\"},\"inLanguage\":\"en-US\",\"potentialAction\":[{\"@type\":\"ReadAction\",\"target\":[\"https:\/\/www.feminafootball.com\/lo_ultimo\/colombia-sub-15-define-convocatoria-para-el-torneo-de-desarrollo-uefa-2026-en-croacia\/\"]}]},{\"@type\":\"BreadcrumbList\",\"@id\":\"https:\/\/www.feminafootball.com\/lo_ultimo\/colombia-sub-15-define-convocatoria-para-el-torneo-de-desarrollo-uefa-2026-en-croacia\/#breadcrumb\",\"itemListElement\":[{\"@type\":\"ListItem\",\"position\":1,\"name\":\"Portada\",\"item\":\"https:\/\/www.feminafootball.com\/\"},{\"@type\":\"ListItem\",\"position\":2,\"name\":\"Colombia Sub-15 define convocatoria para el Torneo de Desarrollo UEFA 2026 en Croacia\"}]},{\"@type\":\"WebSite\",\"@id\":\"https:\/\/www.feminafootball.com\/#website\",\"url\":\"https:\/\/www.feminafootball.com\/\",\"name\":\"feminafootball\",\"description\":\"Medio especializado en el cubrimiento internacional de f\u00fatbol femenino\",\"publisher\":{\"@id\":\"https:\/\/www.feminafootball.com\/#organization\"},\"potentialAction\":[{\"@type\":\"SearchAction\",\"target\":{\"@type\":\"EntryPoint\",\"urlTemplate\":\"https:\/\/www.feminafootball.com\/?s={search_term_string}\"},\"query-input\":\"required name=search_term_string\"}],\"inLanguage\":\"en-US\"},{\"@type\":\"Organization\",\"@id\":\"https:\/\/www.feminafootball.com\/#organization\",\"name\":\"feminafootball\",\"url\":\"https:\/\/www.feminafootball.com\/\",\"logo\":{\"@type\":\"ImageObject\",\"inLanguage\":\"en-US\",\"@id\":\"https:\/\/www.feminafootball.com\/#\/schema\/logo\/image\/\",\"url\":\"https:\/\/www.feminafootball.com\/wp-content\/uploads\/2024\/02\/cropped-logo-Femina-Futbol2.png\",\"contentUrl\":\"https:\/\/www.feminafootball.com\/wp-content\/uploads\/2024\/02\/cropped-logo-Femina-Futbol2.png\",\"width\":538,\"height\":534,\"caption\":\"feminafootball\"},\"image\":{\"@id\":\"https:\/\/www.feminafootball.com\/#\/schema\/logo\/image\/\"}},{\"@type\":\"Person\",\"@id\":\"https:\/\/www.feminafootball.com\/#\/schema\/person\/b6b09353ffb27c60869116bf06bb2da8\",\"name\":\"Tom\u00e1s Rouge\",\"image\":{\"@type\":\"ImageObject\",\"inLanguage\":\"en-US\",\"@id\":\"https:\/\/www.feminafootball.com\/#\/schema\/person\/image\/\",\"url\":\"https:\/\/secure.gravatar.com\/avatar\/15b195d3a00cec044345dca6e7140332dc3b56064e84f4794f898aca36deff5c?s=96&d=mm&r=g\",\"contentUrl\":\"https:\/\/secure.gravatar.com\/avatar\/15b195d3a00cec044345dca6e7140332dc3b56064e84f4794f898aca36deff5c?s=96&d=mm&r=g\",\"caption\":\"Tom\u00e1s Rouge\"},\"description\":\"Periodista de Argentina | Redactor de Diario Ol\u00e9 | Rumbo a #LA2028 | Cubro F\u00fatbol Femenino en F\u00e9mina Football de Colombia (corresponsal desde Argentina) | CM y productor de @Argentina_En_La_Cancha | Trabaj\u00e9 en FM Late 93.1 | Soy de Buenos Aires.\",\"sameAs\":[\"https:\/\/linktr.ee\/tomas.rouge\",\"https:\/\/www.facebook.com\/tomas.rouge\/?locale=es_LA\",\"https:\/\/www.instagram.com\/tomas.rouge_ok\/?hl=es\",\"https:\/\/www.linkedin.com\/in\/toms-rouge-072459177\/?originalSubdomain=ar\",\"https:\/\/twitter.com\/tomas_rouge_ok\",\"https:\/\/www.youtube.com\/@tomasrougeperiodista1723\"],\"url\":\"https:\/\/www.feminafootball.com\/en\/author\/tomas-rouge\/\"}]}<\/script>\n<!-- \/ Yoast SEO plugin. -->","yoast_head_json":{"title":"Colombia Sub-15 define convocatoria para el Torneo de Desarrollo UEFA 2026 en Croacia - feminafootball","description":"El plantel juvenil viajar\u00e1 a Zagreb tras su preparaci\u00f3n en Bogot\u00e1, con talento local y experiencia internacional en busca de crecimiento competitivo global tras el bronce en los Juegos Sudamericanos de la Juventud de Panam\u00e1.","robots":{"index":"index","follow":"follow","max-snippet":"max-snippet:-1","max-image-preview":"max-image-preview:large","max-video-preview":"max-video-preview:-1"},"canonical":"https:\/\/www.feminafootball.com\/en\/lo_ultimo\/colombia-sub-15-define-convocatoria-para-el-torneo-de-desarrollo-uefa-2026-en-croacia\/","og_locale":"en_US","og_type":"article","og_title":"Colombia Sub-15 define convocatoria para el Torneo de Desarrollo UEFA 2026 en Croacia - feminafootball","og_description":"El plantel juvenil viajar\u00e1 a Zagreb tras su preparaci\u00f3n en Bogot\u00e1, con talento local y experiencia internacional en busca de crecimiento competitivo global tras el bronce en los Juegos Sudamericanos de la Juventud de Panam\u00e1.","og_url":"https:\/\/www.feminafootball.com\/en\/lo_ultimo\/colombia-sub-15-define-convocatoria-para-el-torneo-de-desarrollo-uefa-2026-en-croacia\/","og_site_name":"feminafootball","article_author":"https:\/\/www.facebook.com\/tomas.rouge\/?locale=es_LA","article_published_time":"2026-04-28T17:48:26+00:00","article_modified_time":"2026-04-28T17:48:27+00:00","og_image":[{"width":1024,"height":583,"url":"https:\/\/www.feminafootball.com\/wp-content\/uploads\/2026\/04\/POSTS-27-1024x583.png","type":"image\/png"}],"author":"Tom\u00e1s Rouge","twitter_card":"summary_large_image","twitter_creator":"@tomas_rouge_ok","twitter_misc":{"Written by":"Tom\u00e1s Rouge","Est. reading time":"5 minutes"},"schema":{"@context":"https:\/\/schema.org","@graph":[{"@type":"Article","@id":"https:\/\/www.feminafootball.com\/lo_ultimo\/colombia-sub-15-define-convocatoria-para-el-torneo-de-desarrollo-uefa-2026-en-croacia\/#article","isPartOf":{"@id":"https:\/\/www.feminafootball.com\/lo_ultimo\/colombia-sub-15-define-convocatoria-para-el-torneo-de-desarrollo-uefa-2026-en-croacia\/"},"author":{"name":"Tom\u00e1s Rouge","@id":"https:\/\/www.feminafootball.com\/#\/schema\/person\/b6b09353ffb27c60869116bf06bb2da8"},"headline":"Colombia Sub-15 define convocatoria para el Torneo de Desarrollo UEFA 2026 en Croacia","datePublished":"2026-04-28T17:48:26+00:00","dateModified":"2026-04-28T17:48:27+00:00","mainEntityOfPage":{"@id":"https:\/\/www.feminafootball.com\/lo_ultimo\/colombia-sub-15-define-convocatoria-para-el-torneo-de-desarrollo-uefa-2026-en-croacia\/"},"wordCount":790,"commentCount":0,"publisher":{"@id":"https:\/\/www.feminafootball.com\/#organization"},"keywords":["Alejandro Camacho","Colombia","Colombia Sub-15","Croacia","Selecci\u00f3n Colombia","Sub-15","Torneo de Desarrollo de la UEFA","UEFA"],"articleSection":["Lo \u00faltimo","Noticia"],"inLanguage":"en-US","potentialAction":[{"@type":"CommentAction","name":"Comment","target":["https:\/\/www.feminafootball.com\/lo_ultimo\/colombia-sub-15-define-convocatoria-para-el-torneo-de-desarrollo-uefa-2026-en-croacia\/#respond"]}]},{"@type":"WebPage","@id":"https:\/\/www.feminafootball.com\/lo_ultimo\/colombia-sub-15-define-convocatoria-para-el-torneo-de-desarrollo-uefa-2026-en-croacia\/","url":"https:\/\/www.feminafootball.com\/lo_ultimo\/colombia-sub-15-define-convocatoria-para-el-torneo-de-desarrollo-uefa-2026-en-croacia\/","name":"Colombia Sub-15 define convocatoria para el Torneo de Desarrollo UEFA 2026 en Croacia - feminafootball","isPartOf":{"@id":"https:\/\/www.feminafootball.com\/#website"},"datePublished":"2026-04-28T17:48:26+00:00","dateModified":"2026-04-28T17:48:27+00:00","description":"El plantel juvenil viajar\u00e1 a Zagreb tras su preparaci\u00f3n en Bogot\u00e1, con talento local y experiencia internacional en busca de crecimiento competitivo global tras el bronce en los Juegos Sudamericanos de la Juventud de Panam\u00e1.","breadcrumb":{"@id":"https:\/\/www.feminafootball.com\/lo_ultimo\/colombia-sub-15-define-convocatoria-para-el-torneo-de-desarrollo-uefa-2026-en-croacia\/#breadcrumb"},"inLanguage":"en-US","potentialAction":[{"@type":"ReadAction","target":["https:\/\/www.feminafootball.com\/lo_ultimo\/colombia-sub-15-define-convocatoria-para-el-torneo-de-desarrollo-uefa-2026-en-croacia\/"]}]},{"@type":"BreadcrumbList","@id":"https:\/\/www.feminafootball.com\/lo_ultimo\/colombia-sub-15-define-convocatoria-para-el-torneo-de-desarrollo-uefa-2026-en-croacia\/#breadcrumb","itemListElement":[{"@type":"ListItem","position":1,"name":"Portada","item":"https:\/\/www.feminafootball.com\/"},{"@type":"ListItem","position":2,"name":"Colombia Sub-15 define convocatoria para el Torneo de Desarrollo UEFA 2026 en Croacia"}]},{"@type":"WebSite","@id":"https:\/\/www.feminafootball.com\/#website","url":"https:\/\/www.feminafootball.com\/","name":"feminafootball","description":"Medio especializado en el cubrimiento internacional de f\u00fatbol femenino","publisher":{"@id":"https:\/\/www.feminafootball.com\/#organization"},"potentialAction":[{"@type":"SearchAction","target":{"@type":"EntryPoint","urlTemplate":"https:\/\/www.feminafootball.com\/?s={search_term_string}"},"query-input":"required name=search_term_string"}],"inLanguage":"en-US"},{"@type":"Organization","@id":"https:\/\/www.feminafootball.com\/#organization","name":"feminafootball","url":"https:\/\/www.feminafootball.com\/","logo":{"@type":"ImageObject","inLanguage":"en-US","@id":"https:\/\/www.feminafootball.com\/#\/schema\/logo\/image\/","url":"https:\/\/www.feminafootball.com\/wp-content\/uploads\/2024\/02\/cropped-logo-Femina-Futbol2.png","contentUrl":"https:\/\/www.feminafootball.com\/wp-content\/uploads\/2024\/02\/cropped-logo-Femina-Futbol2.png","width":538,"height":534,"caption":"feminafootball"},"image":{"@id":"https:\/\/www.feminafootball.com\/#\/schema\/logo\/image\/"}},{"@type":"Person","@id":"https:\/\/www.feminafootball.com\/#\/schema\/person\/b6b09353ffb27c60869116bf06bb2da8","name":"Tom\u00e1s Rouge","image":{"@type":"ImageObject","inLanguage":"en-US","@id":"https:\/\/www.feminafootball.com\/#\/schema\/person\/image\/","url":"https:\/\/secure.gravatar.com\/avatar\/15b195d3a00cec044345dca6e7140332dc3b56064e84f4794f898aca36deff5c?s=96&d=mm&r=g","contentUrl":"https:\/\/secure.gravatar.com\/avatar\/15b195d3a00cec044345dca6e7140332dc3b56064e84f4794f898aca36deff5c?s=96&d=mm&r=g","caption":"Tom\u00e1s Rouge"},"description":"Periodista de Argentina | Redactor de Diario Ol\u00e9 | Rumbo a #LA2028 | Cubro F\u00fatbol Femenino en F\u00e9mina Football de Colombia (corresponsal desde Argentina) | CM y productor de @Argentina_En_La_Cancha | Trabaj\u00e9 en FM Late 93.1 | Soy de Buenos Aires.","sameAs":["https:\/\/linktr.ee\/tomas.rouge","https:\/\/www.facebook.com\/tomas.rouge\/?locale=es_LA","https:\/\/www.instagram.com\/tomas.rouge_ok\/?hl=es","https:\/\/www.linkedin.com\/in\/toms-rouge-072459177\/?originalSubdomain=ar","https:\/\/twitter.com\/tomas_rouge_ok","https:\/\/www.youtube.com\/@tomasrougeperiodista1723"],"url":"https:\/\/www.feminafootball.com\/en\/author\/tomas-rouge\/"}]}},"_links":{"self":[{"href":"https:\/\/www.feminafootball.com\/en\/wp-json\/wp\/v2\/posts\/10744","targetHints":{"allow":["GET"]}}],"collection":[{"href":"https:\/\/www.feminafootball.com\/en\/wp-json\/wp\/v2\/posts"}],"about":[{"href":"https:\/\/www.feminafootball.com\/en\/wp-json\/wp\/v2\/types\/post"}],"author":[{"embeddable":true,"href":"https:\/\/www.feminafootball.com\/en\/wp-json\/wp\/v2\/users\/11"}],"replies":[{"embeddable":true,"href":"https:\/\/www.feminafootball.com\/en\/wp-json\/wp\/v2\/comments?post=10744"}],"version-history":[{"count":6,"href":"https:\/\/www.feminafootball.com\/en\/wp-json\/wp\/v2\/posts\/10744\/revisions"}],"predecessor-version":[{"id":10751,"href":"https:\/\/www.feminafootball.com\/en\/wp-json\/wp\/v2\/posts\/10744\/revisions\/10751"}],"wp:featuredmedia":[{"embeddable":true,"href":"https:\/\/www.feminafootball.com\/en\/wp-json\/wp\/v2\/media\/10748"}],"wp:attachment":[{"href":"https:\/\/www.feminafootball.com\/en\/wp-json\/wp\/v2\/media?parent=10744"}],"wp:term":[{"taxonomy":"category","embeddable":true,"href":"https:\/\/www.feminafootball.com\/en\/wp-json\/wp\/v2\/categories?post=10744"},{"taxonomy":"post_tag","embeddable":true,"href":"https:\/\/www.feminafootball.com\/en\/wp-json\/wp\/v2\/tags?post=10744"}],"curies":[{"name":"wp","href":"https:\/\/api.w.org\/{rel}","templated":true}]}}