{"id":10731,"date":"2026-04-28T11:34:59","date_gmt":"2026-04-28T11:34:59","guid":{"rendered":"https:\/\/www.feminafootball.com\/?p=10731"},"modified":"2026-04-28T11:48:48","modified_gmt":"2026-04-28T11:48:48","slug":"del-cesped-a-los-gimnasios-una-transformacion-de-rosa-maria","status":"publish","type":"post","link":"https:\/\/www.feminafootball.com\/en\/entrevista\/del-cesped-a-los-gimnasios-una-transformacion-de-rosa-maria\/","title":{"rendered":"Del C\u00e9sped a los gimnasios, una transformaci\u00f3n de Rosa Mar\u00eda"},"content":{"rendered":"<p><em>Por:&nbsp;Sebasti\u00e1n Gonz\u00e1lez (<a href=\"https:\/\/www.instagram.com\/_bastian.gonzalez_?igsh=MTVuZ2xjcndoYWxzYw==\">@_bastian.gonzalez_<\/a>) Fotos de:<\/em> <a href=\"https:\/\/www.instagram.com\/entrenadora_personalizada_rosa?igsh=c3hub2F4Mm1pdGw2\">Rosa Mar\u00eda Sarmiento<\/a><\/p>\n\n\n\n<h2 class=\"wp-block-heading\">La Herencia del Bal\u00f3n: Disciplina y Mentalidad<\/h2>\n\n\n\n<figure class=\"wp-block-image size-full is-resized\"><img fetchpriority=\"high\" decoding=\"async\" width=\"738\" height=\"601\" src=\"https:\/\/www.feminafootball.com\/wp-content\/uploads\/2026\/04\/WhatsApp-Image-2026-04-28-at-1.20.22-AM.jpeg\" alt=\"\" class=\"wp-image-10737\" style=\"width:840px;height:auto\" srcset=\"https:\/\/www.feminafootball.com\/wp-content\/uploads\/2026\/04\/WhatsApp-Image-2026-04-28-at-1.20.22-AM.jpeg 738w, https:\/\/www.feminafootball.com\/wp-content\/uploads\/2026\/04\/WhatsApp-Image-2026-04-28-at-1.20.22-AM-300x244.jpeg 300w, https:\/\/www.feminafootball.com\/wp-content\/uploads\/2026\/04\/WhatsApp-Image-2026-04-28-at-1.20.22-AM-15x12.jpeg 15w\" sizes=\"(max-width: 738px) 100vw, 738px\" \/><\/figure>\n\n\n\n<p id=\"p-rc_26c753a930255470-82\">Para Rosa Mar\u00eda, el f\u00fatbol fue la gran escuela de la vida, dej\u00e1ndole una herencia invaluable en t\u00e9rminos de disciplina y mentalidad. Desde los 10 a\u00f1os comenz\u00f3 a forjar su camino en las canchas, pasando por escuelas de formaci\u00f3n como <strong>la Naranja Mecanica, Eslavigol, Club de Caldas, Besser y Kanteranos<\/strong>, un proceso de constante evoluci\u00f3n que la llev\u00f3 incluso a vestir la camiseta de la <strong>Selecci\u00f3n Bogot\u00e1<\/strong>.<\/p>\n\n\n\n<figure class=\"wp-block-image size-full is-resized\"><img decoding=\"async\" width=\"738\" height=\"355\" src=\"https:\/\/www.feminafootball.com\/wp-content\/uploads\/2026\/04\/WhatsApp-Image-2026-04-28-at-1.20.08-AM.jpeg\" alt=\"\" class=\"wp-image-10740\" style=\"width:838px;height:auto\" srcset=\"https:\/\/www.feminafootball.com\/wp-content\/uploads\/2026\/04\/WhatsApp-Image-2026-04-28-at-1.20.08-AM.jpeg 738w, https:\/\/www.feminafootball.com\/wp-content\/uploads\/2026\/04\/WhatsApp-Image-2026-04-28-at-1.20.08-AM-300x144.jpeg 300w, https:\/\/www.feminafootball.com\/wp-content\/uploads\/2026\/04\/WhatsApp-Image-2026-04-28-at-1.20.08-AM-18x9.jpeg 18w\" sizes=\"(max-width: 738px) 100vw, 738px\" \/><\/figure>\n\n\n\n<p id=\"p-rc_26c753a930255470-82\">Lo m\u00e1s valioso que obtuvo del deporte a lo largo de esta trayectoria fue la capacidad de ser constante incluso cuando la motivaci\u00f3n desaparece. Gracias a su experiencia en estos diversos niveles de competencia. <strong>\u00abAprend\u00ed que los resultados no son inmediatos, sino el reflejo de la disciplina diaria, el compromiso y la resiliencia\u00bb<\/strong>, afirma, lo cual le otorg\u00f3 una mentalidad fuerte para enfrentar retos sin rendirse f\u00e1cilmente.<\/p>\n\n\n\n<h2 class=\"wp-block-heading\">Entrenamiento Consciente: De la T\u00e1ctica a la T\u00e9cnica<\/h2>\n\n\n\n<figure class=\"wp-block-image size-large\"><img decoding=\"async\" width=\"1280\" height=\"720\" src=\"https:\/\/www.feminafootball.com\/wp-content\/uploads\/2026\/04\/WhatsApp-Image-2026-04-27-at-11.39.47-AM-1-edited.jpeg\" alt=\"\" class=\"wp-image-10733\" srcset=\"https:\/\/www.feminafootball.com\/wp-content\/uploads\/2026\/04\/WhatsApp-Image-2026-04-27-at-11.39.47-AM-1-edited.jpeg 1280w, https:\/\/www.feminafootball.com\/wp-content\/uploads\/2026\/04\/WhatsApp-Image-2026-04-27-at-11.39.47-AM-1-edited-300x169.jpeg 300w, https:\/\/www.feminafootball.com\/wp-content\/uploads\/2026\/04\/WhatsApp-Image-2026-04-27-at-11.39.47-AM-1-edited-1024x576.jpeg 1024w, https:\/\/www.feminafootball.com\/wp-content\/uploads\/2026\/04\/WhatsApp-Image-2026-04-27-at-11.39.47-AM-1-edited-768x432.jpeg 768w, https:\/\/www.feminafootball.com\/wp-content\/uploads\/2026\/04\/WhatsApp-Image-2026-04-27-at-11.39.47-AM-1-edited-18x10.jpeg 18w\" sizes=\"(max-width: 1280px) 100vw, 1280px\" \/><\/figure>\n\n\n\n<p id=\"p-rc_26c753a930255470-83\">El paso por las canchas no solo seria en futbol once, si no tambi\u00e9n forjo una carrera en el futsal o mayormente conocido como micro, llegando a ser selecci\u00f3n Bogot\u00e1 en el <a href=\"https:\/\/www.sena.edu.co\/es-co\/Paginas\/default.aspx\">SENA<\/a> y representando a la <a href=\"https:\/\/unincca.edu.co\/\">Universidad INCCA<\/a> de Colombia, pero tambi\u00e9n en estos a\u00f1os le quedaron algunas cicatrices, pues las molestias y momentos dif\u00edciles hicieron que cambiara algo dentro de ella y despertara su curiosidad por el entrenamiento funcional como un m\u00e9todo para prevenir lesiones y mejorar el rendimiento desde una base m\u00e1s completa. <\/p>\n\n\n\n<p id=\"p-rc_26c753a930255470-83\">Hoy en d\u00eda, trabaja en uno de los gimnasios m\u00e1s reconocidos a nivel nacional e internacional como entrenadora de planta y lidera su propio emprendimiento de entrenamientos personalizados, buscando impactar de manera cercana la vida de cada persona aplicando el h\u00e1bito de la estructura que segu\u00eda como futbolista: calentar bien, ejecutar con t\u00e9cnica y terminar con recuperaci\u00f3n. Ella enfatiza constantemente que no se trata solo de entrenar duro, sino de hacerlo de forma inteligente.<\/p>\n\n\n\n<h2 class=\"wp-block-heading\">La Motivaci\u00f3n es la clave del \u00e9xito <\/h2>\n\n\n\n<p id=\"p-rc_26c753a930255470-84\">Transitar de la adrenalina colectiva y la energ\u00eda intensa de una cancha al ambiente m\u00e1s controlado y solitario de un gimnasio represent\u00f3 un cambio retador en su vida. Sin embargo, logr\u00f3 canalizar esa pasi\u00f3n competitiva hacia un nuevo prop\u00f3sito: ayudar a otros a mejorar su salud y bienestar. Al respecto, Rosa comenta: \u00abFue un cambio retador porque el f\u00fatbol tiene una energ\u00eda muy intensa y colectiva; sin embargo, encontr\u00e9 en el gimnasio otra forma de canalizar esa pasi\u00f3n, enfoc\u00e1ndome en ayudar a otros a mejorar\u00bb. Esta transici\u00f3n le ha permitido ver el progreso de sus alumnos, observando c\u00f3mo superan sus propios l\u00edmites y ganan una confianza en s\u00ed mismos que resulta profundamente gratificante para su nueva faceta profesional.<\/p>\n\n\n\n<figure class=\"wp-block-image size-large\"><img loading=\"lazy\" decoding=\"async\" width=\"1280\" height=\"720\" src=\"https:\/\/www.feminafootball.com\/wp-content\/uploads\/2026\/04\/WhatsApp-Image-2026-04-27-at-11.39.47-AM-edited.jpeg\" alt=\"\" class=\"wp-image-10735\" srcset=\"https:\/\/www.feminafootball.com\/wp-content\/uploads\/2026\/04\/WhatsApp-Image-2026-04-27-at-11.39.47-AM-edited.jpeg 1280w, https:\/\/www.feminafootball.com\/wp-content\/uploads\/2026\/04\/WhatsApp-Image-2026-04-27-at-11.39.47-AM-edited-300x169.jpeg 300w, https:\/\/www.feminafootball.com\/wp-content\/uploads\/2026\/04\/WhatsApp-Image-2026-04-27-at-11.39.47-AM-edited-1024x576.jpeg 1024w, https:\/\/www.feminafootball.com\/wp-content\/uploads\/2026\/04\/WhatsApp-Image-2026-04-27-at-11.39.47-AM-edited-768x432.jpeg 768w, https:\/\/www.feminafootball.com\/wp-content\/uploads\/2026\/04\/WhatsApp-Image-2026-04-27-at-11.39.47-AM-edited-18x10.jpeg 18w\" sizes=\"(max-width: 1280px) 100vw, 1280px\" \/><\/figure>\n\n\n\n<p>Como entrenadora, su \u00abojo cl\u00ednico\u00bb detecta r\u00e1pidamente errores comunes como las malas posturas en las sentadillas, el poco control del core y el descuido generalizado de la t\u00e9cnica por el af\u00e1n de levantar m\u00e1s peso. Por ello, siempre prioriza la calidad del movimiento sobre la cantidad, bas\u00e1ndose en la premisa de que no se trata solo de entrenar duro, sino de hacerlo de forma inteligente y consciente. Seg\u00fan explica Rosa Mar\u00eda: \u00abVeo mucho descuido en la t\u00e9cnica por querer levantar m\u00e1s peso&#8230; por eso siempre priorizo la calidad del movimiento sobre la cantidad\u00bb.<\/p>\n\n\n\n<h2 class=\"wp-block-heading\">Superaci\u00f3n y Nuevas Metas \u00abun partido a la vez\u00bb<\/h2>\n\n\n\n<p id=\"p-rc_26c753a930255470-85\">Aunque el gimnasio suele ser un espacio de trabajo individual y, en ocasiones, solitario, Rosa Mar\u00eda ha logrado inyectar la vibrante energ\u00eda competitiva del f\u00fatbol en sus rutinas personalizadas. Su metodolog\u00eda no se limita a la repetici\u00f3n de ejercicios, sino que busca transformar la mentalidad del alumno para que asuma cada sesi\u00f3n con la seriedad y el entusiasmo de un deportista de alto rendimiento. Para lograrlo, les ense\u00f1a a fijar metas peque\u00f1as, tangibles y medibles, permiti\u00e9ndoles disfrutar del proceso de superaci\u00f3n constante.<\/p>\n\n\n\n<p id=\"p-rc_5b68ec02aee75420-114\">En sus propias palabras, Rosa Mar\u00eda explica la importancia de esta filosof\u00eda: \u00abLes ense\u00f1o a ponerse metas peque\u00f1as y a competir con su mejor versi\u00f3n, a disfrutar el proceso. Intento que cada entrenamiento tenga un prop\u00f3sito, como si fuera &#8216;su partido del d\u00eda'\u00bb. Esta perspectiva cambia el enfoque de la est\u00e9tica hacia el rendimiento y la satisfacci\u00f3n personal.<\/p>\n\n\n\n<p>Ante la aparici\u00f3n inevitable de la fatiga o el deseo de abandonar una serie, ella interviene no solo como instructora, sino como una motivadora que comprende profundamente la psicolog\u00eda del esfuerzo. Acompa\u00f1a a sus alumnos en los momentos cr\u00edticos para demostrarles que, con el apoyo adecuado y de forma segura, el cuerpo puede superar lo que la mente considera un obst\u00e1culo insuperable. Al respecto, Rosa Mar\u00eda afirma: \u00abDesde mi experiencia, s\u00e9 que los l\u00edmites muchas veces son mentales. Motivo a mis alumnos record\u00e1ndoles su objetivo, acompa\u00f1\u00e1ndolos en el momento y haci\u00e9ndoles ver que son capaces de dar un poco m\u00e1s, siempre de forma segura\u00bb<\/p>\n\n\n\n<p>Lee para m\u00e1s informaci\u00f3n: <a href=\"https:\/\/www.feminafootball.com\/en\/entrevista\/nicol-arboleda-coraje-rebeldia-y-el-sueno-del-profesionalismo\/\">Nicol Arboleda: Coraje, Rebeld\u00eda y el Sue\u00f1o del Profesionalism<\/a><a href=\"https:\/\/www.feminafootball.com\/en\/lo_ultimo\/ranking-fifa-femenino-argentina-se-sostiene-colombia-consolida-y-brasil-lidera-en-sudamerica\/\">o<\/a><\/p>\n\n\n\n<h2 class=\"wp-block-heading\">Empoderamiento y el Futuro del Talento<\/h2>\n\n\n\n<figure class=\"wp-block-image size-full is-resized\"><img loading=\"lazy\" decoding=\"async\" width=\"738\" height=\"415\" src=\"https:\/\/www.feminafootball.com\/wp-content\/uploads\/2026\/04\/WhatsApp-Image-2026-04-28-at-1.19.53-AM-edited.jpeg\" alt=\"\" class=\"wp-image-10739\" style=\"width:840px;height:auto\" srcset=\"https:\/\/www.feminafootball.com\/wp-content\/uploads\/2026\/04\/WhatsApp-Image-2026-04-28-at-1.19.53-AM-edited.jpeg 738w, https:\/\/www.feminafootball.com\/wp-content\/uploads\/2026\/04\/WhatsApp-Image-2026-04-28-at-1.19.53-AM-edited-300x169.jpeg 300w, https:\/\/www.feminafootball.com\/wp-content\/uploads\/2026\/04\/WhatsApp-Image-2026-04-28-at-1.19.53-AM-edited-18x10.jpeg 18w\" sizes=\"(max-width: 738px) 100vw, 738px\" \/><\/figure>\n\n\n\n<p id=\"p-rc_26c753a930255470-86\">Como mujer en entornos que a veces pueden ser masculinizados, Rosa Mar\u00eda busca ser un ejemplo de seguridad y empoderamiento para las chicas que empiezan a entrenar. Su objetivo es que vean el ejercicio como una herramienta para sentirse fuertes f\u00edsica y mentalmente. A las j\u00f3venes atletas que piensan en retirarse, les aconseja entender que su carrera solo se transforma, pues la disciplina y el liderazgo aprendidos tienen un valor incalculable en \u00e1reas como la educaci\u00f3n o el emprendimiento. Ella define su historia bajo una frase contundente: \u00abEntrenar con disciplina de atleta, con inteligencia y con prop\u00f3sito\u00bb.<\/p>","protected":false},"excerpt":{"rendered":"<p>Para las futbolistas, el fin de los noventa minutos marca un vac\u00edo, pero para Rosa Mar\u00eda Sarmiento Rodr\u00edguez, el pitazo final fue solo el comienzo de una nueva jugada maestra. Tras una carrera forjada en Bogot\u00e1 desde los 10 a\u00f1os puli\u00f3 su talento en las calles. Rosa decidi\u00f3 que su impacto no terminar\u00eda ah\u00ed, con la valent\u00eda con la que enfrentaba a las defensas, se traslad\u00f3 a Villavicencio para transformar su vida y la de otros, cambiando la adrenalina de los canchas por una misi\u00f3n m\u00e1s \u00edntima.<\/p>","protected":false},"author":44,"featured_media":10736,"comment_status":"open","ping_status":"open","sticky":false,"template":"","format":"standard","meta":{"footnotes":""},"categories":[50,1],"tags":[102,86,100,855,853,854],"class_list":["post-10731","post","type-post","status-publish","format-standard","has-post-thumbnail","hentry","category-entrevista","category-lo_ultimo","tag-colombia","tag-futbol-femenino-2","tag-futbolfemenino-2","tag-futuro","tag-gimnasio","tag-talento"],"yoast_head":"<!-- This site is optimized with the Yoast SEO plugin v22.1 - https:\/\/yoast.com\/wordpress\/plugins\/seo\/ -->\n<title>Del C\u00e9sped a los gimnasios, una transformaci\u00f3n de Rosa Mar\u00eda - feminafootball<\/title>\n<meta name=\"description\" content=\"La metamorfosis de Rosa Mar\u00eda despu\u00e9s de su retiro. Originaria de Bogot\u00e1, ciudad donde forj\u00f3 su carrera deportiva y su base profesional.\" \/>\n<meta name=\"robots\" content=\"index, follow, max-snippet:-1, max-image-preview:large, max-video-preview:-1\" \/>\n<link rel=\"canonical\" href=\"https:\/\/www.feminafootball.com\/en\/entrevista\/del-cesped-a-los-gimnasios-una-transformacion-de-rosa-maria\/\" \/>\n<meta property=\"og:locale\" content=\"en_US\" \/>\n<meta property=\"og:type\" content=\"article\" \/>\n<meta property=\"og:title\" content=\"Del C\u00e9sped a los gimnasios, una transformaci\u00f3n de Rosa Mar\u00eda - feminafootball\" \/>\n<meta property=\"og:description\" content=\"La metamorfosis de Rosa Mar\u00eda despu\u00e9s de su retiro. Originaria de Bogot\u00e1, ciudad donde forj\u00f3 su carrera deportiva y su base profesional.\" \/>\n<meta property=\"og:url\" content=\"https:\/\/www.feminafootball.com\/en\/entrevista\/del-cesped-a-los-gimnasios-una-transformacion-de-rosa-maria\/\" \/>\n<meta property=\"og:site_name\" content=\"feminafootball\" \/>\n<meta property=\"article:published_time\" content=\"2026-04-28T11:34:59+00:00\" \/>\n<meta property=\"article:modified_time\" content=\"2026-04-28T11:48:48+00:00\" \/>\n<meta property=\"og:image\" content=\"https:\/\/www.feminafootball.com\/wp-content\/uploads\/2026\/04\/WhatsApp-Image-2026-04-28-at-1.20.42-AM.jpeg\" \/>\n\t<meta property=\"og:image:width\" content=\"1600\" \/>\n\t<meta property=\"og:image:height\" content=\"1406\" \/>\n\t<meta property=\"og:image:type\" content=\"image\/jpeg\" \/>\n<meta name=\"author\" content=\"Sebasti\u00e1n Gonz\u00e1lez\" \/>\n<meta name=\"twitter:card\" content=\"summary_large_image\" \/>\n<meta name=\"twitter:label1\" content=\"Written by\" \/>\n\t<meta name=\"twitter:data1\" content=\"Sebasti\u00e1n Gonz\u00e1lez\" \/>\n\t<meta name=\"twitter:label2\" content=\"Est. reading time\" \/>\n\t<meta name=\"twitter:data2\" content=\"6 minutes\" \/>\n<script type=\"application\/ld+json\" class=\"yoast-schema-graph\">{\"@context\":\"https:\/\/schema.org\",\"@graph\":[{\"@type\":\"Article\",\"@id\":\"https:\/\/www.feminafootball.com\/entrevista\/del-cesped-a-los-gimnasios-una-transformacion-de-rosa-maria\/#article\",\"isPartOf\":{\"@id\":\"https:\/\/www.feminafootball.com\/entrevista\/del-cesped-a-los-gimnasios-una-transformacion-de-rosa-maria\/\"},\"author\":{\"name\":\"Sebasti\u00e1n Gonz\u00e1lez\",\"@id\":\"https:\/\/www.feminafootball.com\/#\/schema\/person\/a177b4f3321bd6c774109ac9b6aa4223\"},\"headline\":\"Del C\u00e9sped a los gimnasios, una transformaci\u00f3n de Rosa Mar\u00eda\",\"datePublished\":\"2026-04-28T11:34:59+00:00\",\"dateModified\":\"2026-04-28T11:48:48+00:00\",\"mainEntityOfPage\":{\"@id\":\"https:\/\/www.feminafootball.com\/entrevista\/del-cesped-a-los-gimnasios-una-transformacion-de-rosa-maria\/\"},\"wordCount\":1012,\"commentCount\":0,\"publisher\":{\"@id\":\"https:\/\/www.feminafootball.com\/#organization\"},\"keywords\":[\"Colombia\",\"Futbol Femenino\",\"FutbolFemenino\",\"Futuro\",\"gimnasio\",\"talento\"],\"articleSection\":[\"Entrevista\",\"Lo \u00faltimo\"],\"inLanguage\":\"en-US\",\"potentialAction\":[{\"@type\":\"CommentAction\",\"name\":\"Comment\",\"target\":[\"https:\/\/www.feminafootball.com\/entrevista\/del-cesped-a-los-gimnasios-una-transformacion-de-rosa-maria\/#respond\"]}]},{\"@type\":\"WebPage\",\"@id\":\"https:\/\/www.feminafootball.com\/entrevista\/del-cesped-a-los-gimnasios-una-transformacion-de-rosa-maria\/\",\"url\":\"https:\/\/www.feminafootball.com\/entrevista\/del-cesped-a-los-gimnasios-una-transformacion-de-rosa-maria\/\",\"name\":\"Del C\u00e9sped a los gimnasios, una transformaci\u00f3n de Rosa Mar\u00eda - feminafootball\",\"isPartOf\":{\"@id\":\"https:\/\/www.feminafootball.com\/#website\"},\"datePublished\":\"2026-04-28T11:34:59+00:00\",\"dateModified\":\"2026-04-28T11:48:48+00:00\",\"description\":\"La metamorfosis de Rosa Mar\u00eda despu\u00e9s de su retiro. Originaria de Bogot\u00e1, ciudad donde forj\u00f3 su carrera deportiva y su base profesional.\",\"breadcrumb\":{\"@id\":\"https:\/\/www.feminafootball.com\/entrevista\/del-cesped-a-los-gimnasios-una-transformacion-de-rosa-maria\/#breadcrumb\"},\"inLanguage\":\"en-US\",\"potentialAction\":[{\"@type\":\"ReadAction\",\"target\":[\"https:\/\/www.feminafootball.com\/entrevista\/del-cesped-a-los-gimnasios-una-transformacion-de-rosa-maria\/\"]}]},{\"@type\":\"BreadcrumbList\",\"@id\":\"https:\/\/www.feminafootball.com\/entrevista\/del-cesped-a-los-gimnasios-una-transformacion-de-rosa-maria\/#breadcrumb\",\"itemListElement\":[{\"@type\":\"ListItem\",\"position\":1,\"name\":\"Portada\",\"item\":\"https:\/\/www.feminafootball.com\/\"},{\"@type\":\"ListItem\",\"position\":2,\"name\":\"Del C\u00e9sped a los gimnasios, una transformaci\u00f3n de Rosa Mar\u00eda\"}]},{\"@type\":\"WebSite\",\"@id\":\"https:\/\/www.feminafootball.com\/#website\",\"url\":\"https:\/\/www.feminafootball.com\/\",\"name\":\"feminafootball\",\"description\":\"Medio especializado en el cubrimiento internacional de f\u00fatbol femenino\",\"publisher\":{\"@id\":\"https:\/\/www.feminafootball.com\/#organization\"},\"potentialAction\":[{\"@type\":\"SearchAction\",\"target\":{\"@type\":\"EntryPoint\",\"urlTemplate\":\"https:\/\/www.feminafootball.com\/?s={search_term_string}\"},\"query-input\":\"required name=search_term_string\"}],\"inLanguage\":\"en-US\"},{\"@type\":\"Organization\",\"@id\":\"https:\/\/www.feminafootball.com\/#organization\",\"name\":\"feminafootball\",\"url\":\"https:\/\/www.feminafootball.com\/\",\"logo\":{\"@type\":\"ImageObject\",\"inLanguage\":\"en-US\",\"@id\":\"https:\/\/www.feminafootball.com\/#\/schema\/logo\/image\/\",\"url\":\"https:\/\/www.feminafootball.com\/wp-content\/uploads\/2024\/02\/cropped-logo-Femina-Futbol2.png\",\"contentUrl\":\"https:\/\/www.feminafootball.com\/wp-content\/uploads\/2024\/02\/cropped-logo-Femina-Futbol2.png\",\"width\":538,\"height\":534,\"caption\":\"feminafootball\"},\"image\":{\"@id\":\"https:\/\/www.feminafootball.com\/#\/schema\/logo\/image\/\"}},{\"@type\":\"Person\",\"@id\":\"https:\/\/www.feminafootball.com\/#\/schema\/person\/a177b4f3321bd6c774109ac9b6aa4223\",\"name\":\"Sebasti\u00e1n Gonz\u00e1lez\",\"image\":{\"@type\":\"ImageObject\",\"inLanguage\":\"en-US\",\"@id\":\"https:\/\/www.feminafootball.com\/#\/schema\/person\/image\/\",\"url\":\"https:\/\/secure.gravatar.com\/avatar\/1073ba9a7e5744516819282675d16f3fdd7df4a6fac6cd27e26449744dc4e2d7?s=96&d=mm&r=g\",\"contentUrl\":\"https:\/\/secure.gravatar.com\/avatar\/1073ba9a7e5744516819282675d16f3fdd7df4a6fac6cd27e26449744dc4e2d7?s=96&d=mm&r=g\",\"caption\":\"Sebasti\u00e1n Gonz\u00e1lez\"},\"url\":\"https:\/\/www.feminafootball.com\/en\/author\/sebastian-gonzalez\/\"}]}<\/script>\n<!-- \/ Yoast SEO plugin. -->","yoast_head_json":{"title":"Del C\u00e9sped a los gimnasios, una transformaci\u00f3n de Rosa Mar\u00eda - feminafootball","description":"La metamorfosis de Rosa Mar\u00eda despu\u00e9s de su retiro. Originaria de Bogot\u00e1, ciudad donde forj\u00f3 su carrera deportiva y su base profesional.","robots":{"index":"index","follow":"follow","max-snippet":"max-snippet:-1","max-image-preview":"max-image-preview:large","max-video-preview":"max-video-preview:-1"},"canonical":"https:\/\/www.feminafootball.com\/en\/entrevista\/del-cesped-a-los-gimnasios-una-transformacion-de-rosa-maria\/","og_locale":"en_US","og_type":"article","og_title":"Del C\u00e9sped a los gimnasios, una transformaci\u00f3n de Rosa Mar\u00eda - feminafootball","og_description":"La metamorfosis de Rosa Mar\u00eda despu\u00e9s de su retiro. Originaria de Bogot\u00e1, ciudad donde forj\u00f3 su carrera deportiva y su base profesional.","og_url":"https:\/\/www.feminafootball.com\/en\/entrevista\/del-cesped-a-los-gimnasios-una-transformacion-de-rosa-maria\/","og_site_name":"feminafootball","article_published_time":"2026-04-28T11:34:59+00:00","article_modified_time":"2026-04-28T11:48:48+00:00","og_image":[{"width":1600,"height":1406,"url":"https:\/\/www.feminafootball.com\/wp-content\/uploads\/2026\/04\/WhatsApp-Image-2026-04-28-at-1.20.42-AM.jpeg","type":"image\/jpeg"}],"author":"Sebasti\u00e1n Gonz\u00e1lez","twitter_card":"summary_large_image","twitter_misc":{"Written by":"Sebasti\u00e1n Gonz\u00e1lez","Est. reading time":"6 minutes"},"schema":{"@context":"https:\/\/schema.org","@graph":[{"@type":"Article","@id":"https:\/\/www.feminafootball.com\/entrevista\/del-cesped-a-los-gimnasios-una-transformacion-de-rosa-maria\/#article","isPartOf":{"@id":"https:\/\/www.feminafootball.com\/entrevista\/del-cesped-a-los-gimnasios-una-transformacion-de-rosa-maria\/"},"author":{"name":"Sebasti\u00e1n Gonz\u00e1lez","@id":"https:\/\/www.feminafootball.com\/#\/schema\/person\/a177b4f3321bd6c774109ac9b6aa4223"},"headline":"Del C\u00e9sped a los gimnasios, una transformaci\u00f3n de Rosa Mar\u00eda","datePublished":"2026-04-28T11:34:59+00:00","dateModified":"2026-04-28T11:48:48+00:00","mainEntityOfPage":{"@id":"https:\/\/www.feminafootball.com\/entrevista\/del-cesped-a-los-gimnasios-una-transformacion-de-rosa-maria\/"},"wordCount":1012,"commentCount":0,"publisher":{"@id":"https:\/\/www.feminafootball.com\/#organization"},"keywords":["Colombia","Futbol Femenino","FutbolFemenino","Futuro","gimnasio","talento"],"articleSection":["Entrevista","Lo \u00faltimo"],"inLanguage":"en-US","potentialAction":[{"@type":"CommentAction","name":"Comment","target":["https:\/\/www.feminafootball.com\/entrevista\/del-cesped-a-los-gimnasios-una-transformacion-de-rosa-maria\/#respond"]}]},{"@type":"WebPage","@id":"https:\/\/www.feminafootball.com\/entrevista\/del-cesped-a-los-gimnasios-una-transformacion-de-rosa-maria\/","url":"https:\/\/www.feminafootball.com\/entrevista\/del-cesped-a-los-gimnasios-una-transformacion-de-rosa-maria\/","name":"Del C\u00e9sped a los gimnasios, una transformaci\u00f3n de Rosa Mar\u00eda - feminafootball","isPartOf":{"@id":"https:\/\/www.feminafootball.com\/#website"},"datePublished":"2026-04-28T11:34:59+00:00","dateModified":"2026-04-28T11:48:48+00:00","description":"La metamorfosis de Rosa Mar\u00eda despu\u00e9s de su retiro. Originaria de Bogot\u00e1, ciudad donde forj\u00f3 su carrera deportiva y su base profesional.","breadcrumb":{"@id":"https:\/\/www.feminafootball.com\/entrevista\/del-cesped-a-los-gimnasios-una-transformacion-de-rosa-maria\/#breadcrumb"},"inLanguage":"en-US","potentialAction":[{"@type":"ReadAction","target":["https:\/\/www.feminafootball.com\/entrevista\/del-cesped-a-los-gimnasios-una-transformacion-de-rosa-maria\/"]}]},{"@type":"BreadcrumbList","@id":"https:\/\/www.feminafootball.com\/entrevista\/del-cesped-a-los-gimnasios-una-transformacion-de-rosa-maria\/#breadcrumb","itemListElement":[{"@type":"ListItem","position":1,"name":"Portada","item":"https:\/\/www.feminafootball.com\/"},{"@type":"ListItem","position":2,"name":"Del C\u00e9sped a los gimnasios, una transformaci\u00f3n de Rosa Mar\u00eda"}]},{"@type":"WebSite","@id":"https:\/\/www.feminafootball.com\/#website","url":"https:\/\/www.feminafootball.com\/","name":"feminafootball","description":"Medio especializado en el cubrimiento internacional de f\u00fatbol femenino","publisher":{"@id":"https:\/\/www.feminafootball.com\/#organization"},"potentialAction":[{"@type":"SearchAction","target":{"@type":"EntryPoint","urlTemplate":"https:\/\/www.feminafootball.com\/?s={search_term_string}"},"query-input":"required name=search_term_string"}],"inLanguage":"en-US"},{"@type":"Organization","@id":"https:\/\/www.feminafootball.com\/#organization","name":"feminafootball","url":"https:\/\/www.feminafootball.com\/","logo":{"@type":"ImageObject","inLanguage":"en-US","@id":"https:\/\/www.feminafootball.com\/#\/schema\/logo\/image\/","url":"https:\/\/www.feminafootball.com\/wp-content\/uploads\/2024\/02\/cropped-logo-Femina-Futbol2.png","contentUrl":"https:\/\/www.feminafootball.com\/wp-content\/uploads\/2024\/02\/cropped-logo-Femina-Futbol2.png","width":538,"height":534,"caption":"feminafootball"},"image":{"@id":"https:\/\/www.feminafootball.com\/#\/schema\/logo\/image\/"}},{"@type":"Person","@id":"https:\/\/www.feminafootball.com\/#\/schema\/person\/a177b4f3321bd6c774109ac9b6aa4223","name":"Sebasti\u00e1n Gonz\u00e1lez","image":{"@type":"ImageObject","inLanguage":"en-US","@id":"https:\/\/www.feminafootball.com\/#\/schema\/person\/image\/","url":"https:\/\/secure.gravatar.com\/avatar\/1073ba9a7e5744516819282675d16f3fdd7df4a6fac6cd27e26449744dc4e2d7?s=96&d=mm&r=g","contentUrl":"https:\/\/secure.gravatar.com\/avatar\/1073ba9a7e5744516819282675d16f3fdd7df4a6fac6cd27e26449744dc4e2d7?s=96&d=mm&r=g","caption":"Sebasti\u00e1n Gonz\u00e1lez"},"url":"https:\/\/www.feminafootball.com\/en\/author\/sebastian-gonzalez\/"}]}},"_links":{"self":[{"href":"https:\/\/www.feminafootball.com\/en\/wp-json\/wp\/v2\/posts\/10731","targetHints":{"allow":["GET"]}}],"collection":[{"href":"https:\/\/www.feminafootball.com\/en\/wp-json\/wp\/v2\/posts"}],"about":[{"href":"https:\/\/www.feminafootball.com\/en\/wp-json\/wp\/v2\/types\/post"}],"author":[{"embeddable":true,"href":"https:\/\/www.feminafootball.com\/en\/wp-json\/wp\/v2\/users\/44"}],"replies":[{"embeddable":true,"href":"https:\/\/www.feminafootball.com\/en\/wp-json\/wp\/v2\/comments?post=10731"}],"version-history":[{"count":2,"href":"https:\/\/www.feminafootball.com\/en\/wp-json\/wp\/v2\/posts\/10731\/revisions"}],"predecessor-version":[{"id":10743,"href":"https:\/\/www.feminafootball.com\/en\/wp-json\/wp\/v2\/posts\/10731\/revisions\/10743"}],"wp:featuredmedia":[{"embeddable":true,"href":"https:\/\/www.feminafootball.com\/en\/wp-json\/wp\/v2\/media\/10736"}],"wp:attachment":[{"href":"https:\/\/www.feminafootball.com\/en\/wp-json\/wp\/v2\/media?parent=10731"}],"wp:term":[{"taxonomy":"category","embeddable":true,"href":"https:\/\/www.feminafootball.com\/en\/wp-json\/wp\/v2\/categories?post=10731"},{"taxonomy":"post_tag","embeddable":true,"href":"https:\/\/www.feminafootball.com\/en\/wp-json\/wp\/v2\/tags?post=10731"}],"curies":[{"name":"wp","href":"https:\/\/api.w.org\/{rel}","templated":true}]}}