{"id":10703,"date":"2026-04-27T15:01:50","date_gmt":"2026-04-27T15:01:50","guid":{"rendered":"https:\/\/www.feminafootball.com\/?p=10703"},"modified":"2026-04-27T15:01:51","modified_gmt":"2026-04-27T15:01:51","slug":"el-dilema-del-calendario-hacia-una-nwsl-con-reloj-europeo","status":"publish","type":"post","link":"https:\/\/www.feminafootball.com\/en\/lo_ultimo\/el-dilema-del-calendario-hacia-una-nwsl-con-reloj-europeo\/","title":{"rendered":"El Dilema del Calendario: \u00bfHacia una NWSL con Reloj Europeo?"},"content":{"rendered":"<p><em>Por:&nbsp;Sebasti\u00e1n Gonz\u00e1lez (<a href=\"https:\/\/www.instagram.com\/_bastian.gonzalez_?igsh=MTVuZ2xjcndoYWxzYw==\">@_bastian.gonzalez_<\/a>) Fotos de:<\/em> Redes de NWSL<\/p>\n\n\n\n<h2 class=\"wp-block-heading\">La Estrategia detr\u00e1s del Cambio en NWSL: El Mercado es Global<\/h2>\n\n\n\n<p>La <a href=\"https:\/\/www.nwslsoccer.com\/\"><strong>National Women&#8217;s Soccer League (NWSL)<\/strong> <\/a>se encuentra en la encrucijada m\u00e1s importante de su historia reciente. Mientras la liga celebra un crecimiento sin precedentes en audiencias y valor de sus franquicias, la <strong>Junta de Gobernadores<\/strong> debate un cambio que alterar\u00eda el ADN del f\u00fatbol femenino en Estados Unidos: abandonar el formato de verano para adoptar el calendario internacional de <strong>oto\u00f1o a primavera<\/strong>.<\/p>\n\n\n\n<p>La adopci\u00f3n de un calendario alineado con Europa busca eliminar las barreras del <strong>mercado de fichajes<\/strong>, permitiendo que la NWSL opere en las mismas ventanas de contrataci\u00f3n que ligas como la Women&#8217;s Super League o la Liga F. Actualmente, el desfase obliga a los clubes estadounidenses a fichar jugadoras que llegan a mitad de temporada o a perder a sus estrellas justo antes de los playoffs; con el cambio, las negociaciones y los vencimientos de contratos ocurrir\u00edan de forma simult\u00e1nea a nivel global, facilitando el flujo de talento de \u00e9lite sin interrupciones contractuales.<\/p>\n\n\n\n<p>Por otro lado, la sincronizaci\u00f3n con el <strong>\u00abFactor <a href=\"https:\/\/www.fifa.com\/es\/home\">FIFA<\/a>\u00ab<\/strong> es una cuesti\u00f3n de integridad deportiva y protecci\u00f3n del espect\u00e1culo. Al jugar de agosto a mayo, la NWSL dejar\u00eda de competir directamente contra los grandes torneos internacionales de verano, como el Mundial o los Juegos Ol\u00edmpicos. Esto garantiza que los clubes no tengan que disputar partidos de liga sin sus mejores figuras \u2014quienes suelen estar convocadas con sus selecciones\u2014, evitando que el nivel del torneo local se diluya y permitiendo que las jugadoras mantengan un ritmo de descanso y competencia coherente con los est\u00e1ndares internacionales.<\/p>\n\n\n\n<h2 class=\"wp-block-heading\">El Choque con la Realidad: Clima e Infraestructura en la NWSL<\/h2>\n\n\n\n<figure class=\"wp-block-image size-large\"><img fetchpriority=\"high\" decoding=\"async\" width=\"1024\" height=\"890\" src=\"https:\/\/www.feminafootball.com\/wp-content\/uploads\/2026\/04\/WhatsApp-Image-2026-04-27-at-9.08.17-AM-1024x890.jpeg\" alt=\"\" class=\"wp-image-10709\" srcset=\"https:\/\/www.feminafootball.com\/wp-content\/uploads\/2026\/04\/WhatsApp-Image-2026-04-27-at-9.08.17-AM-1024x890.jpeg 1024w, https:\/\/www.feminafootball.com\/wp-content\/uploads\/2026\/04\/WhatsApp-Image-2026-04-27-at-9.08.17-AM-300x261.jpeg 300w, https:\/\/www.feminafootball.com\/wp-content\/uploads\/2026\/04\/WhatsApp-Image-2026-04-27-at-9.08.17-AM-768x668.jpeg 768w, https:\/\/www.feminafootball.com\/wp-content\/uploads\/2026\/04\/WhatsApp-Image-2026-04-27-at-9.08.17-AM-14x12.jpeg 14w, https:\/\/www.feminafootball.com\/wp-content\/uploads\/2026\/04\/WhatsApp-Image-2026-04-27-at-9.08.17-AM.jpeg 1179w\" sizes=\"(max-width: 1024px) 100vw, 1024px\" \/><\/figure>\n\n\n\n<p>A pesar del entusiasmo de los due\u00f1os, el principal obst\u00e1culo es la geograf\u00eda. A diferencia de las ligas europeas, donde las distancias son cortas y los climas m\u00e1s moderados, la NWSL cuenta con equipos en ciudades donde el invierno es implacable.<\/p>\n\n\n\n<p>La <strong>Asociaci\u00f3n de Jugadoras (<a href=\"https:\/\/www.nwslplayers.com\/\">NWSLPA<\/a>)<\/strong> ha puesto el grito en el cielo sobre dos puntos no negociables:<\/p>\n\n\n\n<ol start=\"1\" class=\"wp-block-list\">\n<li><strong>Seguridad F\u00edsica:<\/strong> Jugar en superficies congeladas aumenta dr\u00e1sticamente el riesgo de lesiones graves.<\/li>\n\n\n\n<li><strong>Experiencia del Fan:<\/strong> La liga teme que la asistencia a los estadios en ciudades como Chicago, Utah o Boston se desplome si los aficionados deben enfrentar temperaturas bajo cero para ver un partido de temporada regular.<\/li>\n<\/ol>\n\n\n\n<p>Lee para m\u00e1s informaci\u00f3n: <a href=\"https:\/\/www.feminafootball.com\/en\/noticia\/concacaf-entra-en-su-fase-decisiva-con-ocho-selecciones-en-busca-del-mundial-de-brasil-2027\/\">Concacaf entra en su fase decisiva con ocho selecciones en busca del Mundial de Brasil 2027<\/a><\/p>\n\n\n\n<h2 class=\"wp-block-heading\">El Factor Televisivo: Escapar de la \u00abSombra de los Gigantes\u00bb<\/h2>\n\n\n\n<figure class=\"wp-block-image size-large\"><img decoding=\"async\" width=\"2400\" height=\"1351\" src=\"https:\/\/www.feminafootball.com\/wp-content\/uploads\/2026\/04\/gettyimages-2248653066-edited.webp\" alt=\"\" class=\"wp-image-10713\" srcset=\"https:\/\/www.feminafootball.com\/wp-content\/uploads\/2026\/04\/gettyimages-2248653066-edited.webp 2400w, https:\/\/www.feminafootball.com\/wp-content\/uploads\/2026\/04\/gettyimages-2248653066-edited-300x169.webp 300w, https:\/\/www.feminafootball.com\/wp-content\/uploads\/2026\/04\/gettyimages-2248653066-edited-1024x576.webp 1024w, https:\/\/www.feminafootball.com\/wp-content\/uploads\/2026\/04\/gettyimages-2248653066-edited-768x432.webp 768w, https:\/\/www.feminafootball.com\/wp-content\/uploads\/2026\/04\/gettyimages-2248653066-edited-1536x865.webp 1536w, https:\/\/www.feminafootball.com\/wp-content\/uploads\/2026\/04\/gettyimages-2248653066-edited-2048x1153.webp 2048w, https:\/\/www.feminafootball.com\/wp-content\/uploads\/2026\/04\/gettyimages-2248653066-edited-18x10.webp 18w\" sizes=\"(max-width: 2400px) 100vw, 2400px\" \/><\/figure>\n\n\n\n<p>Otro motor del cambio es el <strong>negocio de la transmisi\u00f3n<\/strong>. El oto\u00f1o en Estados Unidos est\u00e1 saturado por el dominio de la NFL y el f\u00fatbol universitario. Al mover el grueso de su etapa decisiva (playoffs y final) hacia la primavera, la NWSL encontrar\u00eda una \u00abventana de aire limpio\u00bb en televisi\u00f3n, mejorando sus ratings y, por ende, el valor de sus contratos de patrocinio.<\/p>\n\n\n\n<h2 class=\"wp-block-heading\">\u00bfQu\u00e9 sigue para el torneo?<\/h2>\n\n\n\n<p>Si la Junta de Gobernadores da luz verde a la propuesta en sus sesiones de 2026, la liga no saltar\u00e1 al vac\u00edo de inmediato, sino que iniciar\u00e1 un proceso de implementaci\u00f3n gradual dise\u00f1ado para mitigar el impacto operativo en los clubes. Se contempla la creaci\u00f3n de una <strong>\u00abTemporada de Transici\u00f3n\u00bb<\/strong> o un torneo de apertura corto, un modelo similar al que han utilizado ligas en M\u00e9xico o Europa para recalibrar sus agendas. Este periodo puente permitir\u00eda a las franquicias ajustar sus contratos de arrendamiento de estadios, renegociar acuerdos de patrocinio y, lo m\u00e1s importante, adaptar sus presupuestos para cubrir los costos adicionales de log\u00edstica que implica operar durante los meses de invierno.<\/p>\n\n\n\n<p>M\u00e1s all\u00e1 de la log\u00edstica, lo que sigue para el torneo es un intenso periodo de <strong>adecuaci\u00f3n de infraestructura<\/strong>. Antes de que ruede el bal\u00f3n bajo el nuevo formato, la liga deber\u00e1 supervisar que los estadios en mercados con climas g\u00e9lidos inviertan en sistemas de calefacci\u00f3n subterr\u00e1nea para el c\u00e9sped y \u00e1reas de entrenamiento climatizadas que garanticen la seguridad de las futbolistas. Este cambio tambi\u00e9n abrir\u00e1 una fase de consulta obligatoria con la Asociaci\u00f3n de Jugadoras, donde se definir\u00e1n los l\u00edmites de la pausa invernal. En definitiva, el \u00abs\u00ed\u00bb de la Junta ser\u00eda apenas el inicio de una reingenier\u00eda total que busca consolidar a la NWSL no solo como una liga de verano, sino como una potencia deportiva operativa durante todo el a\u00f1o.<\/p>","protected":false},"excerpt":{"rendered":"<p>La NWSL ya no quiere ser solo la mejor liga de Norteam\u00e9rica; quiere ser el eje sobre el cual gire todo el f\u00fatbol femenino mundial. Para lograrlo, la Junta de Gobernadores analiza una transformaci\u00f3n radical: alinear su reloj con el de la FIFA y las grandes ligas europeas.<\/p>","protected":false},"author":44,"featured_media":10708,"comment_status":"open","ping_status":"open","sticky":false,"template":"","format":"standard","meta":{"footnotes":""},"categories":[1],"tags":[],"class_list":["post-10703","post","type-post","status-publish","format-standard","has-post-thumbnail","hentry","category-lo_ultimo"],"yoast_head":"<!-- This site is optimized with the Yoast SEO plugin v22.1 - https:\/\/yoast.com\/wordpress\/plugins\/seo\/ -->\n<title>El Dilema del Calendario: \u00bfHacia una NWSL con Reloj Europeo? - feminafootball<\/title>\n<meta name=\"description\" content=\"La NWSL ya no quiere ser solo la mejor liga de Norteam\u00e9rica; quiere ser el eje sobre el cual gire todo el f\u00fatbol femenino mundial. Para lograrlo, la Junta de Gobernadores analiza una transformaci\u00f3n radical: alinear su reloj con el de la FIFA y las grandes ligas europeas.\" \/>\n<meta name=\"robots\" content=\"index, follow, max-snippet:-1, max-image-preview:large, max-video-preview:-1\" \/>\n<link rel=\"canonical\" href=\"https:\/\/www.feminafootball.com\/en\/lo_ultimo\/el-dilema-del-calendario-hacia-una-nwsl-con-reloj-europeo\/\" \/>\n<meta property=\"og:locale\" content=\"en_US\" \/>\n<meta property=\"og:type\" content=\"article\" \/>\n<meta property=\"og:title\" content=\"El Dilema del Calendario: \u00bfHacia una NWSL con Reloj Europeo? - feminafootball\" \/>\n<meta property=\"og:description\" content=\"La NWSL ya no quiere ser solo la mejor liga de Norteam\u00e9rica; quiere ser el eje sobre el cual gire todo el f\u00fatbol femenino mundial. Para lograrlo, la Junta de Gobernadores analiza una transformaci\u00f3n radical: alinear su reloj con el de la FIFA y las grandes ligas europeas.\" \/>\n<meta property=\"og:url\" content=\"https:\/\/www.feminafootball.com\/en\/lo_ultimo\/el-dilema-del-calendario-hacia-una-nwsl-con-reloj-europeo\/\" \/>\n<meta property=\"og:site_name\" content=\"feminafootball\" \/>\n<meta property=\"article:published_time\" content=\"2026-04-27T15:01:50+00:00\" \/>\n<meta property=\"article:modified_time\" content=\"2026-04-27T15:01:51+00:00\" \/>\n<meta property=\"og:image\" content=\"https:\/\/www.feminafootball.com\/wp-content\/uploads\/2026\/04\/WhatsApp-Image-2026-04-27-at-9.08.29-AM.jpeg\" \/>\n\t<meta property=\"og:image:width\" content=\"1179\" \/>\n\t<meta property=\"og:image:height\" content=\"1146\" \/>\n\t<meta property=\"og:image:type\" content=\"image\/jpeg\" \/>\n<meta name=\"author\" content=\"Sebasti\u00e1n Gonz\u00e1lez\" \/>\n<meta name=\"twitter:card\" content=\"summary_large_image\" \/>\n<meta name=\"twitter:label1\" content=\"Written by\" \/>\n\t<meta name=\"twitter:data1\" content=\"Sebasti\u00e1n Gonz\u00e1lez\" \/>\n\t<meta name=\"twitter:label2\" content=\"Est. reading time\" \/>\n\t<meta name=\"twitter:data2\" content=\"4 minutes\" \/>\n<script type=\"application\/ld+json\" class=\"yoast-schema-graph\">{\"@context\":\"https:\/\/schema.org\",\"@graph\":[{\"@type\":\"Article\",\"@id\":\"https:\/\/www.feminafootball.com\/lo_ultimo\/el-dilema-del-calendario-hacia-una-nwsl-con-reloj-europeo\/#article\",\"isPartOf\":{\"@id\":\"https:\/\/www.feminafootball.com\/lo_ultimo\/el-dilema-del-calendario-hacia-una-nwsl-con-reloj-europeo\/\"},\"author\":{\"name\":\"Sebasti\u00e1n Gonz\u00e1lez\",\"@id\":\"https:\/\/www.feminafootball.com\/#\/schema\/person\/a177b4f3321bd6c774109ac9b6aa4223\"},\"headline\":\"El Dilema del Calendario: \u00bfHacia una NWSL con Reloj Europeo?\",\"datePublished\":\"2026-04-27T15:01:50+00:00\",\"dateModified\":\"2026-04-27T15:01:51+00:00\",\"mainEntityOfPage\":{\"@id\":\"https:\/\/www.feminafootball.com\/lo_ultimo\/el-dilema-del-calendario-hacia-una-nwsl-con-reloj-europeo\/\"},\"wordCount\":790,\"commentCount\":0,\"publisher\":{\"@id\":\"https:\/\/www.feminafootball.com\/#organization\"},\"articleSection\":[\"Lo \u00faltimo\"],\"inLanguage\":\"en-US\",\"potentialAction\":[{\"@type\":\"CommentAction\",\"name\":\"Comment\",\"target\":[\"https:\/\/www.feminafootball.com\/lo_ultimo\/el-dilema-del-calendario-hacia-una-nwsl-con-reloj-europeo\/#respond\"]}]},{\"@type\":\"WebPage\",\"@id\":\"https:\/\/www.feminafootball.com\/lo_ultimo\/el-dilema-del-calendario-hacia-una-nwsl-con-reloj-europeo\/\",\"url\":\"https:\/\/www.feminafootball.com\/lo_ultimo\/el-dilema-del-calendario-hacia-una-nwsl-con-reloj-europeo\/\",\"name\":\"El Dilema del Calendario: \u00bfHacia una NWSL con Reloj Europeo? - feminafootball\",\"isPartOf\":{\"@id\":\"https:\/\/www.feminafootball.com\/#website\"},\"datePublished\":\"2026-04-27T15:01:50+00:00\",\"dateModified\":\"2026-04-27T15:01:51+00:00\",\"description\":\"La NWSL ya no quiere ser solo la mejor liga de Norteam\u00e9rica; quiere ser el eje sobre el cual gire todo el f\u00fatbol femenino mundial. Para lograrlo, la Junta de Gobernadores analiza una transformaci\u00f3n radical: alinear su reloj con el de la FIFA y las grandes ligas europeas.\",\"breadcrumb\":{\"@id\":\"https:\/\/www.feminafootball.com\/lo_ultimo\/el-dilema-del-calendario-hacia-una-nwsl-con-reloj-europeo\/#breadcrumb\"},\"inLanguage\":\"en-US\",\"potentialAction\":[{\"@type\":\"ReadAction\",\"target\":[\"https:\/\/www.feminafootball.com\/lo_ultimo\/el-dilema-del-calendario-hacia-una-nwsl-con-reloj-europeo\/\"]}]},{\"@type\":\"BreadcrumbList\",\"@id\":\"https:\/\/www.feminafootball.com\/lo_ultimo\/el-dilema-del-calendario-hacia-una-nwsl-con-reloj-europeo\/#breadcrumb\",\"itemListElement\":[{\"@type\":\"ListItem\",\"position\":1,\"name\":\"Portada\",\"item\":\"https:\/\/www.feminafootball.com\/\"},{\"@type\":\"ListItem\",\"position\":2,\"name\":\"El Dilema del Calendario: \u00bfHacia una NWSL con Reloj Europeo?\"}]},{\"@type\":\"WebSite\",\"@id\":\"https:\/\/www.feminafootball.com\/#website\",\"url\":\"https:\/\/www.feminafootball.com\/\",\"name\":\"feminafootball\",\"description\":\"Medio especializado en el cubrimiento internacional de f\u00fatbol femenino\",\"publisher\":{\"@id\":\"https:\/\/www.feminafootball.com\/#organization\"},\"potentialAction\":[{\"@type\":\"SearchAction\",\"target\":{\"@type\":\"EntryPoint\",\"urlTemplate\":\"https:\/\/www.feminafootball.com\/?s={search_term_string}\"},\"query-input\":\"required name=search_term_string\"}],\"inLanguage\":\"en-US\"},{\"@type\":\"Organization\",\"@id\":\"https:\/\/www.feminafootball.com\/#organization\",\"name\":\"feminafootball\",\"url\":\"https:\/\/www.feminafootball.com\/\",\"logo\":{\"@type\":\"ImageObject\",\"inLanguage\":\"en-US\",\"@id\":\"https:\/\/www.feminafootball.com\/#\/schema\/logo\/image\/\",\"url\":\"https:\/\/www.feminafootball.com\/wp-content\/uploads\/2024\/02\/cropped-logo-Femina-Futbol2.png\",\"contentUrl\":\"https:\/\/www.feminafootball.com\/wp-content\/uploads\/2024\/02\/cropped-logo-Femina-Futbol2.png\",\"width\":538,\"height\":534,\"caption\":\"feminafootball\"},\"image\":{\"@id\":\"https:\/\/www.feminafootball.com\/#\/schema\/logo\/image\/\"}},{\"@type\":\"Person\",\"@id\":\"https:\/\/www.feminafootball.com\/#\/schema\/person\/a177b4f3321bd6c774109ac9b6aa4223\",\"name\":\"Sebasti\u00e1n Gonz\u00e1lez\",\"image\":{\"@type\":\"ImageObject\",\"inLanguage\":\"en-US\",\"@id\":\"https:\/\/www.feminafootball.com\/#\/schema\/person\/image\/\",\"url\":\"https:\/\/secure.gravatar.com\/avatar\/1073ba9a7e5744516819282675d16f3fdd7df4a6fac6cd27e26449744dc4e2d7?s=96&d=mm&r=g\",\"contentUrl\":\"https:\/\/secure.gravatar.com\/avatar\/1073ba9a7e5744516819282675d16f3fdd7df4a6fac6cd27e26449744dc4e2d7?s=96&d=mm&r=g\",\"caption\":\"Sebasti\u00e1n Gonz\u00e1lez\"},\"url\":\"https:\/\/www.feminafootball.com\/en\/author\/sebastian-gonzalez\/\"}]}<\/script>\n<!-- \/ Yoast SEO plugin. -->","yoast_head_json":{"title":"El Dilema del Calendario: \u00bfHacia una NWSL con Reloj Europeo? - feminafootball","description":"La NWSL ya no quiere ser solo la mejor liga de Norteam\u00e9rica; quiere ser el eje sobre el cual gire todo el f\u00fatbol femenino mundial. Para lograrlo, la Junta de Gobernadores analiza una transformaci\u00f3n radical: alinear su reloj con el de la FIFA y las grandes ligas europeas.","robots":{"index":"index","follow":"follow","max-snippet":"max-snippet:-1","max-image-preview":"max-image-preview:large","max-video-preview":"max-video-preview:-1"},"canonical":"https:\/\/www.feminafootball.com\/en\/lo_ultimo\/el-dilema-del-calendario-hacia-una-nwsl-con-reloj-europeo\/","og_locale":"en_US","og_type":"article","og_title":"El Dilema del Calendario: \u00bfHacia una NWSL con Reloj Europeo? - feminafootball","og_description":"La NWSL ya no quiere ser solo la mejor liga de Norteam\u00e9rica; quiere ser el eje sobre el cual gire todo el f\u00fatbol femenino mundial. Para lograrlo, la Junta de Gobernadores analiza una transformaci\u00f3n radical: alinear su reloj con el de la FIFA y las grandes ligas europeas.","og_url":"https:\/\/www.feminafootball.com\/en\/lo_ultimo\/el-dilema-del-calendario-hacia-una-nwsl-con-reloj-europeo\/","og_site_name":"feminafootball","article_published_time":"2026-04-27T15:01:50+00:00","article_modified_time":"2026-04-27T15:01:51+00:00","og_image":[{"width":1179,"height":1146,"url":"https:\/\/www.feminafootball.com\/wp-content\/uploads\/2026\/04\/WhatsApp-Image-2026-04-27-at-9.08.29-AM.jpeg","type":"image\/jpeg"}],"author":"Sebasti\u00e1n Gonz\u00e1lez","twitter_card":"summary_large_image","twitter_misc":{"Written by":"Sebasti\u00e1n Gonz\u00e1lez","Est. reading time":"4 minutes"},"schema":{"@context":"https:\/\/schema.org","@graph":[{"@type":"Article","@id":"https:\/\/www.feminafootball.com\/lo_ultimo\/el-dilema-del-calendario-hacia-una-nwsl-con-reloj-europeo\/#article","isPartOf":{"@id":"https:\/\/www.feminafootball.com\/lo_ultimo\/el-dilema-del-calendario-hacia-una-nwsl-con-reloj-europeo\/"},"author":{"name":"Sebasti\u00e1n Gonz\u00e1lez","@id":"https:\/\/www.feminafootball.com\/#\/schema\/person\/a177b4f3321bd6c774109ac9b6aa4223"},"headline":"El Dilema del Calendario: \u00bfHacia una NWSL con Reloj Europeo?","datePublished":"2026-04-27T15:01:50+00:00","dateModified":"2026-04-27T15:01:51+00:00","mainEntityOfPage":{"@id":"https:\/\/www.feminafootball.com\/lo_ultimo\/el-dilema-del-calendario-hacia-una-nwsl-con-reloj-europeo\/"},"wordCount":790,"commentCount":0,"publisher":{"@id":"https:\/\/www.feminafootball.com\/#organization"},"articleSection":["Lo \u00faltimo"],"inLanguage":"en-US","potentialAction":[{"@type":"CommentAction","name":"Comment","target":["https:\/\/www.feminafootball.com\/lo_ultimo\/el-dilema-del-calendario-hacia-una-nwsl-con-reloj-europeo\/#respond"]}]},{"@type":"WebPage","@id":"https:\/\/www.feminafootball.com\/lo_ultimo\/el-dilema-del-calendario-hacia-una-nwsl-con-reloj-europeo\/","url":"https:\/\/www.feminafootball.com\/lo_ultimo\/el-dilema-del-calendario-hacia-una-nwsl-con-reloj-europeo\/","name":"El Dilema del Calendario: \u00bfHacia una NWSL con Reloj Europeo? - feminafootball","isPartOf":{"@id":"https:\/\/www.feminafootball.com\/#website"},"datePublished":"2026-04-27T15:01:50+00:00","dateModified":"2026-04-27T15:01:51+00:00","description":"La NWSL ya no quiere ser solo la mejor liga de Norteam\u00e9rica; quiere ser el eje sobre el cual gire todo el f\u00fatbol femenino mundial. Para lograrlo, la Junta de Gobernadores analiza una transformaci\u00f3n radical: alinear su reloj con el de la FIFA y las grandes ligas europeas.","breadcrumb":{"@id":"https:\/\/www.feminafootball.com\/lo_ultimo\/el-dilema-del-calendario-hacia-una-nwsl-con-reloj-europeo\/#breadcrumb"},"inLanguage":"en-US","potentialAction":[{"@type":"ReadAction","target":["https:\/\/www.feminafootball.com\/lo_ultimo\/el-dilema-del-calendario-hacia-una-nwsl-con-reloj-europeo\/"]}]},{"@type":"BreadcrumbList","@id":"https:\/\/www.feminafootball.com\/lo_ultimo\/el-dilema-del-calendario-hacia-una-nwsl-con-reloj-europeo\/#breadcrumb","itemListElement":[{"@type":"ListItem","position":1,"name":"Portada","item":"https:\/\/www.feminafootball.com\/"},{"@type":"ListItem","position":2,"name":"El Dilema del Calendario: \u00bfHacia una NWSL con Reloj Europeo?"}]},{"@type":"WebSite","@id":"https:\/\/www.feminafootball.com\/#website","url":"https:\/\/www.feminafootball.com\/","name":"feminafootball","description":"Medio especializado en el cubrimiento internacional de f\u00fatbol femenino","publisher":{"@id":"https:\/\/www.feminafootball.com\/#organization"},"potentialAction":[{"@type":"SearchAction","target":{"@type":"EntryPoint","urlTemplate":"https:\/\/www.feminafootball.com\/?s={search_term_string}"},"query-input":"required name=search_term_string"}],"inLanguage":"en-US"},{"@type":"Organization","@id":"https:\/\/www.feminafootball.com\/#organization","name":"feminafootball","url":"https:\/\/www.feminafootball.com\/","logo":{"@type":"ImageObject","inLanguage":"en-US","@id":"https:\/\/www.feminafootball.com\/#\/schema\/logo\/image\/","url":"https:\/\/www.feminafootball.com\/wp-content\/uploads\/2024\/02\/cropped-logo-Femina-Futbol2.png","contentUrl":"https:\/\/www.feminafootball.com\/wp-content\/uploads\/2024\/02\/cropped-logo-Femina-Futbol2.png","width":538,"height":534,"caption":"feminafootball"},"image":{"@id":"https:\/\/www.feminafootball.com\/#\/schema\/logo\/image\/"}},{"@type":"Person","@id":"https:\/\/www.feminafootball.com\/#\/schema\/person\/a177b4f3321bd6c774109ac9b6aa4223","name":"Sebasti\u00e1n Gonz\u00e1lez","image":{"@type":"ImageObject","inLanguage":"en-US","@id":"https:\/\/www.feminafootball.com\/#\/schema\/person\/image\/","url":"https:\/\/secure.gravatar.com\/avatar\/1073ba9a7e5744516819282675d16f3fdd7df4a6fac6cd27e26449744dc4e2d7?s=96&d=mm&r=g","contentUrl":"https:\/\/secure.gravatar.com\/avatar\/1073ba9a7e5744516819282675d16f3fdd7df4a6fac6cd27e26449744dc4e2d7?s=96&d=mm&r=g","caption":"Sebasti\u00e1n Gonz\u00e1lez"},"url":"https:\/\/www.feminafootball.com\/en\/author\/sebastian-gonzalez\/"}]}},"_links":{"self":[{"href":"https:\/\/www.feminafootball.com\/en\/wp-json\/wp\/v2\/posts\/10703","targetHints":{"allow":["GET"]}}],"collection":[{"href":"https:\/\/www.feminafootball.com\/en\/wp-json\/wp\/v2\/posts"}],"about":[{"href":"https:\/\/www.feminafootball.com\/en\/wp-json\/wp\/v2\/types\/post"}],"author":[{"embeddable":true,"href":"https:\/\/www.feminafootball.com\/en\/wp-json\/wp\/v2\/users\/44"}],"replies":[{"embeddable":true,"href":"https:\/\/www.feminafootball.com\/en\/wp-json\/wp\/v2\/comments?post=10703"}],"version-history":[{"count":4,"href":"https:\/\/www.feminafootball.com\/en\/wp-json\/wp\/v2\/posts\/10703\/revisions"}],"predecessor-version":[{"id":10717,"href":"https:\/\/www.feminafootball.com\/en\/wp-json\/wp\/v2\/posts\/10703\/revisions\/10717"}],"wp:featuredmedia":[{"embeddable":true,"href":"https:\/\/www.feminafootball.com\/en\/wp-json\/wp\/v2\/media\/10708"}],"wp:attachment":[{"href":"https:\/\/www.feminafootball.com\/en\/wp-json\/wp\/v2\/media?parent=10703"}],"wp:term":[{"taxonomy":"category","embeddable":true,"href":"https:\/\/www.feminafootball.com\/en\/wp-json\/wp\/v2\/categories?post=10703"},{"taxonomy":"post_tag","embeddable":true,"href":"https:\/\/www.feminafootball.com\/en\/wp-json\/wp\/v2\/tags?post=10703"}],"curies":[{"name":"wp","href":"https:\/\/api.w.org\/{rel}","templated":true}]}}