{"id":10682,"date":"2026-04-26T22:26:44","date_gmt":"2026-04-26T22:26:44","guid":{"rendered":"https:\/\/www.feminafootball.com\/?p=10682"},"modified":"2026-04-26T22:26:44","modified_gmt":"2026-04-26T22:26:44","slug":"empate-vibrante-colombia-sub-17-femenina-inicia-su-camino-para-llegar-al-mundial","status":"publish","type":"post","link":"https:\/\/www.feminafootball.com\/en\/lo_ultimo\/empate-vibrante-colombia-sub-17-femenina-inicia-su-camino-para-llegar-al-mundial\/","title":{"rendered":"Empate vibrante: Colombia Sub-17 femenina inicia su camino para llegar al Mundial"},"content":{"rendered":"<p class=\"has-small-font-size\">Foto: FCFseleccionCol<\/p>\n\n\n\n<h3 class=\"wp-block-heading\"><strong><em>Un debut cargado de expectativa<\/em><\/strong><\/h3>\n\n\n\n<p>La Selecci\u00f3n Colombia Femenina Sub-17 puso en marcha su participaci\u00f3n en la CONMEBOL Sub-17 femenino 2026\u00a0con un empate ante la\u00a0Selecci\u00f3n Argentina femenina , en un duelo disputado en el estadio\u00a0Estadio Defensores del Chaco.<\/p>\n\n\n\n<p>El compromiso marc\u00f3 el inicio de un nuevo proceso internacional para la \u2018tricolor\u2019, que busca consolidar una base competitiva con miras a la clasificaci\u00f3n al Mundial de Marruecos.<\/p>\n\n\n\n<h3 class=\"wp-block-heading\"><strong><em>Errores y reacci\u00f3n en el primer tiempo<\/em><\/strong><\/h3>\n\n\n\n<p>Colombia intent\u00f3 adue\u00f1arse del bal\u00f3n desde los primeros minutos, construyendo juego desde el fondo y buscando profundidad en ataque. Sin embargo, un error en salida, sumado a la moment\u00e1nea inferioridad num\u00e9rica por la lesi\u00f3n de Vanessa Puerta, fue bien aprovechado por Argentina.<\/p>\n\n\n\n<p>Macarena Torre capitaliz\u00f3 la desatenci\u00f3n y marc\u00f3 el primer gol del partido, poniendo en ventaja a la albiceleste.<\/p>\n\n\n\n<p>La reacci\u00f3n colombiana no tard\u00f3. Al minuto 31, una gran acci\u00f3n colectiva liderada por Maura Henao termin\u00f3 en una definici\u00f3n precisa de Eidy Ruiz, quien firm\u00f3 el empate con categor\u00eda y devolvi\u00f3 la confianza al equipo.<\/p>\n\n\n\n<figure class=\"wp-block-embed is-type-rich is-provider-twitter wp-block-embed-twitter\"><div class=\"wp-block-embed__wrapper\">\n<blockquote class=\"twitter-tweet\" data-width=\"550\" data-dnt=\"true\"><p lang=\"es\" dir=\"ltr\">\u23f1\ufe0f 31\u2019 Goooooooooool de Eidy Ruiz Goooooooolazoooo de Colombiaaaaaa.<br><br>\ud83c\udde8\ud83c\uddf4 1-1 \ud83c\udde6\ud83c\uddf7<a href=\"https:\/\/twitter.com\/hashtag\/LaSeleNosUne?src=hash&amp;ref_src=twsrc%5Etfw\">#LaSeleNosUne<\/a>\ud83c\udde8\ud83c\uddf4 <a href=\"https:\/\/t.co\/YnckQ4TnzS\">pic.twitter.com\/YnckQ4TnzS<\/a><\/p>&mdash; Selecci\u00f3n Colombia (@FCFSeleccionCol) <a href=\"https:\/\/twitter.com\/FCFSeleccionCol\/status\/2048500965540614646?ref_src=twsrc%5Etfw\">April 26, 2026<\/a><\/blockquote><script async src=\"https:\/\/platform.twitter.com\/widgets.js\" charset=\"utf-8\"><\/script>\n<\/div><\/figure>\n\n\n\n<h3 class=\"wp-block-heading\"><strong><em>Ida y vuelta sin definici\u00f3n<\/em><\/strong><\/h3>\n\n\n\n<p>Tras la igualdad, el partido se abri\u00f3. Ambas selecciones generaron opciones, exigiendo a sus porteras y dejando un cierre de primer tiempo intenso. Argentina estuvo cerca de irse arriba en el marcador, pero el palo evit\u00f3 el segundo tanto.<\/p>\n\n\n\n<p>El descanso lleg\u00f3 con un empate que reflejaba la paridad en el juego.<\/p>\n\n\n\n<h3 class=\"wp-block-heading\"><strong><em>Un segundo tiempo con menos claridad<\/em><\/strong><\/h3>\n\n\n\n<p>Para la segunda mitad, Colombia movi\u00f3 el banco en busca de mayor dinamismo en el mediocampo. El ingreso de Palacios le dio mayor control a las dirigidas por Carlos Paniagua, que lograron tener m\u00e1s posesi\u00f3n.<\/p>\n\n\n\n<p>No obstante, con el paso de los minutos, el ritmo disminuy\u00f3. El encuentro se torn\u00f3 m\u00e1s t\u00e1ctico que ofensivo, con pocas opciones claras frente a los arcos.<\/p>\n\n\n\n<p>La intensidad del primer tiempo se diluy\u00f3 y el compromiso termin\u00f3 en un empate que deja sensaciones mixtas para la \u2018tricolor\u2019.<\/p>\n\n\n\n<figure class=\"wp-block-image size-large\"><img fetchpriority=\"high\" decoding=\"async\" width=\"1024\" height=\"675\" src=\"https:\/\/www.feminafootball.com\/wp-content\/uploads\/2026\/04\/IMG_8636-1024x675.jpg\" alt=\"\" class=\"wp-image-10684\" srcset=\"https:\/\/www.feminafootball.com\/wp-content\/uploads\/2026\/04\/IMG_8636-1024x675.jpg 1024w, https:\/\/www.feminafootball.com\/wp-content\/uploads\/2026\/04\/IMG_8636-300x198.jpg 300w, https:\/\/www.feminafootball.com\/wp-content\/uploads\/2026\/04\/IMG_8636-768x506.jpg 768w, https:\/\/www.feminafootball.com\/wp-content\/uploads\/2026\/04\/IMG_8636-18x12.jpg 18w, https:\/\/www.feminafootball.com\/wp-content\/uploads\/2026\/04\/IMG_8636.jpg 1290w\" sizes=\"(max-width: 1024px) 100vw, 1024px\" \/><\/figure>\n\n\n\n<p class=\"has-small-font-size\">Foto: FCFseleccionCol<\/p>\n\n\n\n<h3 class=\"wp-block-heading\"><strong><em>Lo que viene para la tricolor<\/em><\/strong> <em>y la albiceleste <\/em><\/h3>\n\n\n\n<p>Colombia sum\u00f3 su primer punto en el torneo ante un rival exigente, dejando claro que deber\u00e1 ajustar detalles, especialmente en salida y definici\u00f3n, para aspirar a la clasificaci\u00f3n.<\/p>\n\n\n\n<p>El pr\u00f3ximo reto ser\u00e1 ante la\u00a0Selecci\u00f3n de Chile femenina Sub-17, este martes a las 6:00 p.m. (hora colombiana), y para la selecci\u00f3n Argentina enfrentar\u00e1 a la selecci\u00f3n boliviana.<\/p>\n\n\n\n<p><\/p>","protected":false},"excerpt":{"rendered":"<p>Foto: FCFseleccionCol Un debut cargado de expectativa La Selecci\u00f3n Colombia Femenina Sub-17 puso en marcha su participaci\u00f3n en la CONMEBOL Sub-17 femenino 2026\u00a0con un empate ante la\u00a0Selecci\u00f3n Argentina femenina , en un duelo disputado en el estadio\u00a0Estadio Defensores del Chaco. El compromiso marc\u00f3 el inicio de un nuevo proceso internacional para la \u2018tricolor\u2019, que busca [&hellip;]<\/p>","protected":false},"author":15,"featured_media":10683,"comment_status":"open","ping_status":"open","sticky":false,"template":"","format":"standard","meta":{"footnotes":""},"categories":[1,48],"tags":[],"class_list":["post-10682","post","type-post","status-publish","format-standard","has-post-thumbnail","hentry","category-lo_ultimo","category-noticia"],"yoast_head":"<!-- This site is optimized with the Yoast SEO plugin v22.1 - https:\/\/yoast.com\/wordpress\/plugins\/seo\/ -->\n<title>Empate vibrante: Colombia Sub-17 femenina inicia su camino para llegar al Mundial - feminafootball<\/title>\n<meta name=\"robots\" content=\"index, follow, max-snippet:-1, max-image-preview:large, max-video-preview:-1\" \/>\n<link rel=\"canonical\" href=\"https:\/\/www.feminafootball.com\/en\/lo_ultimo\/empate-vibrante-colombia-sub-17-femenina-inicia-su-camino-para-llegar-al-mundial\/\" \/>\n<meta property=\"og:locale\" content=\"en_US\" \/>\n<meta property=\"og:type\" content=\"article\" \/>\n<meta property=\"og:title\" content=\"Empate vibrante: Colombia Sub-17 femenina inicia su camino para llegar al Mundial - feminafootball\" \/>\n<meta property=\"og:description\" content=\"Foto: FCFseleccionCol Un debut cargado de expectativa La Selecci\u00f3n Colombia Femenina Sub-17 puso en marcha su participaci\u00f3n en la CONMEBOL Sub-17 femenino 2026\u00a0con un empate ante la\u00a0Selecci\u00f3n Argentina femenina , en un duelo disputado en el estadio\u00a0Estadio Defensores del Chaco. El compromiso marc\u00f3 el inicio de un nuevo proceso internacional para la \u2018tricolor\u2019, que busca [&hellip;]\" \/>\n<meta property=\"og:url\" content=\"https:\/\/www.feminafootball.com\/en\/lo_ultimo\/empate-vibrante-colombia-sub-17-femenina-inicia-su-camino-para-llegar-al-mundial\/\" \/>\n<meta property=\"og:site_name\" content=\"feminafootball\" \/>\n<meta property=\"article:published_time\" content=\"2026-04-26T22:26:44+00:00\" \/>\n<meta property=\"og:image\" content=\"https:\/\/www.feminafootball.com\/wp-content\/uploads\/2026\/04\/IMG_8638.jpg\" \/>\n\t<meta property=\"og:image:width\" content=\"1290\" \/>\n\t<meta property=\"og:image:height\" content=\"839\" \/>\n\t<meta property=\"og:image:type\" content=\"image\/jpeg\" \/>\n<meta name=\"author\" content=\"Andres Felipe Zapata\" \/>\n<meta name=\"twitter:card\" content=\"summary_large_image\" \/>\n<meta name=\"twitter:label1\" content=\"Written by\" \/>\n\t<meta name=\"twitter:data1\" content=\"Andres Felipe Zapata\" \/>\n\t<meta name=\"twitter:label2\" content=\"Est. reading time\" \/>\n\t<meta name=\"twitter:data2\" content=\"3 minutes\" \/>\n<script type=\"application\/ld+json\" class=\"yoast-schema-graph\">{\"@context\":\"https:\/\/schema.org\",\"@graph\":[{\"@type\":\"Article\",\"@id\":\"https:\/\/www.feminafootball.com\/lo_ultimo\/empate-vibrante-colombia-sub-17-femenina-inicia-su-camino-para-llegar-al-mundial\/#article\",\"isPartOf\":{\"@id\":\"https:\/\/www.feminafootball.com\/lo_ultimo\/empate-vibrante-colombia-sub-17-femenina-inicia-su-camino-para-llegar-al-mundial\/\"},\"author\":{\"name\":\"Andres Felipe Zapata\",\"@id\":\"https:\/\/www.feminafootball.com\/#\/schema\/person\/97bc8a7a49a622a415953aff352ff7b1\"},\"headline\":\"Empate vibrante: Colombia Sub-17 femenina inicia su camino para llegar al Mundial\",\"datePublished\":\"2026-04-26T22:26:44+00:00\",\"dateModified\":\"2026-04-26T22:26:44+00:00\",\"mainEntityOfPage\":{\"@id\":\"https:\/\/www.feminafootball.com\/lo_ultimo\/empate-vibrante-colombia-sub-17-femenina-inicia-su-camino-para-llegar-al-mundial\/\"},\"wordCount\":438,\"commentCount\":0,\"publisher\":{\"@id\":\"https:\/\/www.feminafootball.com\/#organization\"},\"articleSection\":[\"Lo \u00faltimo\",\"Noticia\"],\"inLanguage\":\"en-US\",\"potentialAction\":[{\"@type\":\"CommentAction\",\"name\":\"Comment\",\"target\":[\"https:\/\/www.feminafootball.com\/lo_ultimo\/empate-vibrante-colombia-sub-17-femenina-inicia-su-camino-para-llegar-al-mundial\/#respond\"]}]},{\"@type\":\"WebPage\",\"@id\":\"https:\/\/www.feminafootball.com\/lo_ultimo\/empate-vibrante-colombia-sub-17-femenina-inicia-su-camino-para-llegar-al-mundial\/\",\"url\":\"https:\/\/www.feminafootball.com\/lo_ultimo\/empate-vibrante-colombia-sub-17-femenina-inicia-su-camino-para-llegar-al-mundial\/\",\"name\":\"Empate vibrante: Colombia Sub-17 femenina inicia su camino para llegar al Mundial - feminafootball\",\"isPartOf\":{\"@id\":\"https:\/\/www.feminafootball.com\/#website\"},\"datePublished\":\"2026-04-26T22:26:44+00:00\",\"dateModified\":\"2026-04-26T22:26:44+00:00\",\"breadcrumb\":{\"@id\":\"https:\/\/www.feminafootball.com\/lo_ultimo\/empate-vibrante-colombia-sub-17-femenina-inicia-su-camino-para-llegar-al-mundial\/#breadcrumb\"},\"inLanguage\":\"en-US\",\"potentialAction\":[{\"@type\":\"ReadAction\",\"target\":[\"https:\/\/www.feminafootball.com\/lo_ultimo\/empate-vibrante-colombia-sub-17-femenina-inicia-su-camino-para-llegar-al-mundial\/\"]}]},{\"@type\":\"BreadcrumbList\",\"@id\":\"https:\/\/www.feminafootball.com\/lo_ultimo\/empate-vibrante-colombia-sub-17-femenina-inicia-su-camino-para-llegar-al-mundial\/#breadcrumb\",\"itemListElement\":[{\"@type\":\"ListItem\",\"position\":1,\"name\":\"Portada\",\"item\":\"https:\/\/www.feminafootball.com\/\"},{\"@type\":\"ListItem\",\"position\":2,\"name\":\"Empate vibrante: Colombia Sub-17 femenina inicia su camino para llegar al Mundial\"}]},{\"@type\":\"WebSite\",\"@id\":\"https:\/\/www.feminafootball.com\/#website\",\"url\":\"https:\/\/www.feminafootball.com\/\",\"name\":\"feminafootball\",\"description\":\"Medio especializado en el cubrimiento internacional de f\u00fatbol femenino\",\"publisher\":{\"@id\":\"https:\/\/www.feminafootball.com\/#organization\"},\"potentialAction\":[{\"@type\":\"SearchAction\",\"target\":{\"@type\":\"EntryPoint\",\"urlTemplate\":\"https:\/\/www.feminafootball.com\/?s={search_term_string}\"},\"query-input\":\"required name=search_term_string\"}],\"inLanguage\":\"en-US\"},{\"@type\":\"Organization\",\"@id\":\"https:\/\/www.feminafootball.com\/#organization\",\"name\":\"feminafootball\",\"url\":\"https:\/\/www.feminafootball.com\/\",\"logo\":{\"@type\":\"ImageObject\",\"inLanguage\":\"en-US\",\"@id\":\"https:\/\/www.feminafootball.com\/#\/schema\/logo\/image\/\",\"url\":\"https:\/\/www.feminafootball.com\/wp-content\/uploads\/2024\/02\/cropped-logo-Femina-Futbol2.png\",\"contentUrl\":\"https:\/\/www.feminafootball.com\/wp-content\/uploads\/2024\/02\/cropped-logo-Femina-Futbol2.png\",\"width\":538,\"height\":534,\"caption\":\"feminafootball\"},\"image\":{\"@id\":\"https:\/\/www.feminafootball.com\/#\/schema\/logo\/image\/\"}},{\"@type\":\"Person\",\"@id\":\"https:\/\/www.feminafootball.com\/#\/schema\/person\/97bc8a7a49a622a415953aff352ff7b1\",\"name\":\"Andres Felipe Zapata\",\"image\":{\"@type\":\"ImageObject\",\"inLanguage\":\"en-US\",\"@id\":\"https:\/\/www.feminafootball.com\/#\/schema\/person\/image\/\",\"url\":\"https:\/\/secure.gravatar.com\/avatar\/c695b8d3eac32169b97076654a6d20684e0110b58fb5711196b418b588714392?s=96&d=mm&r=g\",\"contentUrl\":\"https:\/\/secure.gravatar.com\/avatar\/c695b8d3eac32169b97076654a6d20684e0110b58fb5711196b418b588714392?s=96&d=mm&r=g\",\"caption\":\"Andres Felipe Zapata\"},\"url\":\"https:\/\/www.feminafootball.com\/en\/author\/andres-zapata\/\"}]}<\/script>\n<!-- \/ Yoast SEO plugin. -->","yoast_head_json":{"title":"Empate vibrante: Colombia Sub-17 femenina inicia su camino para llegar al Mundial - feminafootball","robots":{"index":"index","follow":"follow","max-snippet":"max-snippet:-1","max-image-preview":"max-image-preview:large","max-video-preview":"max-video-preview:-1"},"canonical":"https:\/\/www.feminafootball.com\/en\/lo_ultimo\/empate-vibrante-colombia-sub-17-femenina-inicia-su-camino-para-llegar-al-mundial\/","og_locale":"en_US","og_type":"article","og_title":"Empate vibrante: Colombia Sub-17 femenina inicia su camino para llegar al Mundial - feminafootball","og_description":"Foto: FCFseleccionCol Un debut cargado de expectativa La Selecci\u00f3n Colombia Femenina Sub-17 puso en marcha su participaci\u00f3n en la CONMEBOL Sub-17 femenino 2026\u00a0con un empate ante la\u00a0Selecci\u00f3n Argentina femenina , en un duelo disputado en el estadio\u00a0Estadio Defensores del Chaco. El compromiso marc\u00f3 el inicio de un nuevo proceso internacional para la \u2018tricolor\u2019, que busca [&hellip;]","og_url":"https:\/\/www.feminafootball.com\/en\/lo_ultimo\/empate-vibrante-colombia-sub-17-femenina-inicia-su-camino-para-llegar-al-mundial\/","og_site_name":"feminafootball","article_published_time":"2026-04-26T22:26:44+00:00","og_image":[{"width":1290,"height":839,"url":"https:\/\/www.feminafootball.com\/wp-content\/uploads\/2026\/04\/IMG_8638.jpg","type":"image\/jpeg"}],"author":"Andres Felipe Zapata","twitter_card":"summary_large_image","twitter_misc":{"Written by":"Andres Felipe Zapata","Est. reading time":"3 minutes"},"schema":{"@context":"https:\/\/schema.org","@graph":[{"@type":"Article","@id":"https:\/\/www.feminafootball.com\/lo_ultimo\/empate-vibrante-colombia-sub-17-femenina-inicia-su-camino-para-llegar-al-mundial\/#article","isPartOf":{"@id":"https:\/\/www.feminafootball.com\/lo_ultimo\/empate-vibrante-colombia-sub-17-femenina-inicia-su-camino-para-llegar-al-mundial\/"},"author":{"name":"Andres Felipe Zapata","@id":"https:\/\/www.feminafootball.com\/#\/schema\/person\/97bc8a7a49a622a415953aff352ff7b1"},"headline":"Empate vibrante: Colombia Sub-17 femenina inicia su camino para llegar al Mundial","datePublished":"2026-04-26T22:26:44+00:00","dateModified":"2026-04-26T22:26:44+00:00","mainEntityOfPage":{"@id":"https:\/\/www.feminafootball.com\/lo_ultimo\/empate-vibrante-colombia-sub-17-femenina-inicia-su-camino-para-llegar-al-mundial\/"},"wordCount":438,"commentCount":0,"publisher":{"@id":"https:\/\/www.feminafootball.com\/#organization"},"articleSection":["Lo \u00faltimo","Noticia"],"inLanguage":"en-US","potentialAction":[{"@type":"CommentAction","name":"Comment","target":["https:\/\/www.feminafootball.com\/lo_ultimo\/empate-vibrante-colombia-sub-17-femenina-inicia-su-camino-para-llegar-al-mundial\/#respond"]}]},{"@type":"WebPage","@id":"https:\/\/www.feminafootball.com\/lo_ultimo\/empate-vibrante-colombia-sub-17-femenina-inicia-su-camino-para-llegar-al-mundial\/","url":"https:\/\/www.feminafootball.com\/lo_ultimo\/empate-vibrante-colombia-sub-17-femenina-inicia-su-camino-para-llegar-al-mundial\/","name":"Empate vibrante: Colombia Sub-17 femenina inicia su camino para llegar al Mundial - feminafootball","isPartOf":{"@id":"https:\/\/www.feminafootball.com\/#website"},"datePublished":"2026-04-26T22:26:44+00:00","dateModified":"2026-04-26T22:26:44+00:00","breadcrumb":{"@id":"https:\/\/www.feminafootball.com\/lo_ultimo\/empate-vibrante-colombia-sub-17-femenina-inicia-su-camino-para-llegar-al-mundial\/#breadcrumb"},"inLanguage":"en-US","potentialAction":[{"@type":"ReadAction","target":["https:\/\/www.feminafootball.com\/lo_ultimo\/empate-vibrante-colombia-sub-17-femenina-inicia-su-camino-para-llegar-al-mundial\/"]}]},{"@type":"BreadcrumbList","@id":"https:\/\/www.feminafootball.com\/lo_ultimo\/empate-vibrante-colombia-sub-17-femenina-inicia-su-camino-para-llegar-al-mundial\/#breadcrumb","itemListElement":[{"@type":"ListItem","position":1,"name":"Portada","item":"https:\/\/www.feminafootball.com\/"},{"@type":"ListItem","position":2,"name":"Empate vibrante: Colombia Sub-17 femenina inicia su camino para llegar al Mundial"}]},{"@type":"WebSite","@id":"https:\/\/www.feminafootball.com\/#website","url":"https:\/\/www.feminafootball.com\/","name":"feminafootball","description":"Medio especializado en el cubrimiento internacional de f\u00fatbol femenino","publisher":{"@id":"https:\/\/www.feminafootball.com\/#organization"},"potentialAction":[{"@type":"SearchAction","target":{"@type":"EntryPoint","urlTemplate":"https:\/\/www.feminafootball.com\/?s={search_term_string}"},"query-input":"required name=search_term_string"}],"inLanguage":"en-US"},{"@type":"Organization","@id":"https:\/\/www.feminafootball.com\/#organization","name":"feminafootball","url":"https:\/\/www.feminafootball.com\/","logo":{"@type":"ImageObject","inLanguage":"en-US","@id":"https:\/\/www.feminafootball.com\/#\/schema\/logo\/image\/","url":"https:\/\/www.feminafootball.com\/wp-content\/uploads\/2024\/02\/cropped-logo-Femina-Futbol2.png","contentUrl":"https:\/\/www.feminafootball.com\/wp-content\/uploads\/2024\/02\/cropped-logo-Femina-Futbol2.png","width":538,"height":534,"caption":"feminafootball"},"image":{"@id":"https:\/\/www.feminafootball.com\/#\/schema\/logo\/image\/"}},{"@type":"Person","@id":"https:\/\/www.feminafootball.com\/#\/schema\/person\/97bc8a7a49a622a415953aff352ff7b1","name":"Andres Felipe Zapata","image":{"@type":"ImageObject","inLanguage":"en-US","@id":"https:\/\/www.feminafootball.com\/#\/schema\/person\/image\/","url":"https:\/\/secure.gravatar.com\/avatar\/c695b8d3eac32169b97076654a6d20684e0110b58fb5711196b418b588714392?s=96&d=mm&r=g","contentUrl":"https:\/\/secure.gravatar.com\/avatar\/c695b8d3eac32169b97076654a6d20684e0110b58fb5711196b418b588714392?s=96&d=mm&r=g","caption":"Andres Felipe Zapata"},"url":"https:\/\/www.feminafootball.com\/en\/author\/andres-zapata\/"}]}},"_links":{"self":[{"href":"https:\/\/www.feminafootball.com\/en\/wp-json\/wp\/v2\/posts\/10682","targetHints":{"allow":["GET"]}}],"collection":[{"href":"https:\/\/www.feminafootball.com\/en\/wp-json\/wp\/v2\/posts"}],"about":[{"href":"https:\/\/www.feminafootball.com\/en\/wp-json\/wp\/v2\/types\/post"}],"author":[{"embeddable":true,"href":"https:\/\/www.feminafootball.com\/en\/wp-json\/wp\/v2\/users\/15"}],"replies":[{"embeddable":true,"href":"https:\/\/www.feminafootball.com\/en\/wp-json\/wp\/v2\/comments?post=10682"}],"version-history":[{"count":1,"href":"https:\/\/www.feminafootball.com\/en\/wp-json\/wp\/v2\/posts\/10682\/revisions"}],"predecessor-version":[{"id":10687,"href":"https:\/\/www.feminafootball.com\/en\/wp-json\/wp\/v2\/posts\/10682\/revisions\/10687"}],"wp:featuredmedia":[{"embeddable":true,"href":"https:\/\/www.feminafootball.com\/en\/wp-json\/wp\/v2\/media\/10683"}],"wp:attachment":[{"href":"https:\/\/www.feminafootball.com\/en\/wp-json\/wp\/v2\/media?parent=10682"}],"wp:term":[{"taxonomy":"category","embeddable":true,"href":"https:\/\/www.feminafootball.com\/en\/wp-json\/wp\/v2\/categories?post=10682"},{"taxonomy":"post_tag","embeddable":true,"href":"https:\/\/www.feminafootball.com\/en\/wp-json\/wp\/v2\/tags?post=10682"}],"curies":[{"name":"wp","href":"https:\/\/api.w.org\/{rel}","templated":true}]}}