{"id":10666,"date":"2026-04-26T03:48:36","date_gmt":"2026-04-26T03:48:36","guid":{"rendered":"https:\/\/www.feminafootball.com\/?p=10666"},"modified":"2026-04-26T03:48:37","modified_gmt":"2026-04-26T03:48:37","slug":"barcelona-y-bayern-munich-igualaron-1-1-y-dejaron-abierta-la-primera-semifinal-de-la-uefa-womens-champions-league","status":"publish","type":"post","link":"https:\/\/www.feminafootball.com\/en\/lo_ultimo\/barcelona-y-bayern-munich-igualaron-1-1-y-dejaron-abierta-la-primera-semifinal-de-la-uefa-womens-champions-league\/","title":{"rendered":"Barcelona y Bayern M\u00fanich igualaron 1-1 y dejaron abierta la primera semifinal de la UEFA Women\u2019s Champions League"},"content":{"rendered":"<h2 class=\"wp-block-heading\">El conjunto azulgrana fue superior, tuvo las mejores ocasiones y no logr\u00f3 capitalizar su dominio en el Allianz Arena de Alemania. Todo se definir\u00e1 en el Spotify Camp Nou.<\/h2>\n\n\n\n<p><em>Por Tom\u00e1s Rouge (@tomas.rouge_ok) \/ Foto de portada: Bayern M\u00fanich.<\/em><\/p>\n\n\n\n<p>El primer asalto de las semifinales de la UEFA Women\u2019s Champions League entre el Barcelona y el Bayern M\u00fanich dej\u00f3 una sensaci\u00f3n ambigua. El 1-1 en el Allianz Arena no refleja del todo lo que ocurri\u00f3 sobre el c\u00e9sped: dominio, control y ocasiones para el conjunto azulgrana, pero sin la contundencia necesaria para transformar esa superioridad en una ventaja real. La eliminatoria viajar\u00e1 abierta al Camp Nou, donde se decidir\u00e1 el pase a la final.<\/p>\n\n\n\n<p><strong>Golpe temprano y control azulgrana<\/strong><\/p>\n\n\n\n<p>El equipo dirigido por Pere Romeu asumi\u00f3 desde el inicio el control del bal\u00f3n, con una estructura clara: Patri Guijarro como eje en la base, Vicky L\u00f3pez ofreciendo movilidad entre l\u00edneas y Esmee Brugts aportando amplitud y profundidad.<\/p>\n\n\n\n<p>El Bayern avis\u00f3 primero, con una llegada de Pernille Harder tras una acci\u00f3n iniciada por Klara B\u00fchl, pero el Bar\u00e7a no alter\u00f3 su plan. En cuanto encontr\u00f3 una secuencia limpia, golpe\u00f3. Entre los minutos 7 y 8, Patri filtr\u00f3 un pase al espacio para Brugts, que gan\u00f3 la espalda de Giulia Gwinn y puso un centro preciso para que Ewa Pajor definiera de primeras el 0-1.<\/p>\n\n\n\n<p>El tanto reforz\u00f3 el guion esperado: posesi\u00f3n azulgrana y Bayern replegado en bloque medio, buscando transiciones r\u00e1pidas hacia B\u00fchl y Harder.<\/p>\n\n\n<div class=\"wp-block-image\">\n<figure class=\"aligncenter\"><img decoding=\"async\" src=\"https:\/\/pbs.twimg.com\/media\/HGw9q8oacAAzlnz?format=jpg&amp;name=4096x4096\" alt=\"Imagen\" \/><figcaption class=\"wp-element-caption\"><em>El conjunto azulgrana control\u00f3 el juego, gener\u00f3 las ocasiones m\u00e1s claras y jug\u00f3 con superioridad num\u00e9rica, pero no logr\u00f3 romper la resistencia alemana (Foto: FC Barcelona).<\/em><\/figcaption><\/figure>\n<\/div>\n\n\n<p><strong>Dominio sin premio<\/strong><\/p>\n\n\n\n<p>El Bar\u00e7a logr\u00f3 instalarse con facilidad en campo rival, pero no tradujo ese control en una ventaja mayor. El Bayern, mucho m\u00e1s s\u00f3lido que en el antecedente del 7-1 en fase de grupos, resisti\u00f3 con orden y paciencia. Cada recuperaci\u00f3n alemana ten\u00eda intenci\u00f3n, y ah\u00ed residi\u00f3 una de las claves del encuentro.<\/p>\n\n\n\n<p>Brugts fue la jugadora m\u00e1s incisiva del Bar\u00e7a durante la primera mitad, generando varias situaciones de peligro. Sin embargo, el Bayern tambi\u00e9n encontr\u00f3 momentos para inquietar, especialmente en el tramo final antes del descanso, cuando Franziska Kett oblig\u00f3 a intervenir a Cata Coll con una parada de m\u00e9rito.<\/p>\n\n\n\n<p><strong>La semifinal gira en una transici\u00f3n<\/strong><\/p>\n\n\n\n<p>Tras el descanso, el partido volvi\u00f3 a colocarse en el escenario que favorec\u00eda al Bar\u00e7a. El segundo gol parec\u00eda m\u00e1s cerca que el empate. Brugts estrell\u00f3 un disparo en el palo, Pajor lo intent\u00f3 por arriba, y Patri tambi\u00e9n tuvo su opci\u00f3n en un tramo donde el equipo catal\u00e1n acumul\u00f3 llegadas.<\/p>\n\n\n\n<p>Pero cuando mejor estaba el Bar\u00e7a, el Bayern ejecut\u00f3 su plan a la perfecci\u00f3n. En una transici\u00f3n r\u00e1pida, Harder y B\u00fchl activaron el ataque y Kett apareci\u00f3 desde segunda l\u00ednea para firmar el 1-1 en el minuto 68. Una jugada directa, agresiva y efectiva que castig\u00f3 el desequilibrio azulgrana tras p\u00e9rdida.<\/p>\n\n\n<div class=\"wp-block-image\">\n<figure class=\"aligncenter\"><img decoding=\"async\" src=\"https:\/\/img.fcbayern.com\/image\/upload\/f_auto\/q_auto\/ar_16:9,c_fill,g_custom,w_1024\/v1777140193\/cms\/public\/images\/fcbayern-com\/homepage\/Saison-25-26\/FCB-Frauen\/Spiele\/Halbfinale_Barcelona\/260425-fcb-fcb-70-fcb.jpg\" alt=\"Franziska Kett bejubelt mit ihren Mannschafskolleginnen den Treffer gegen Barcelona.\" \/><figcaption class=\"wp-element-caption\"><em>El empate lleg\u00f3 en una transici\u00f3n del Bayern y la expulsi\u00f3n de Kett junto a la roja a Barcal\u00e1 marcaron un cierre de alta tensi\u00f3n en M\u00fanich (Foto: Imago).<\/em><\/figcaption><\/figure>\n<\/div>\n\n\n<p><strong>Expulsi\u00f3n, tensi\u00f3n y resistencia<\/strong><\/p>\n\n\n\n<p>El tramo final del partido estuvo marcado por la expulsi\u00f3n de Kett en el minuto 79, tras un tir\u00f3n de pelo a Salma Paralluelo cuando la delantera ya hab\u00eda ganado la carrera. La colegiada Ivana Martincic interpret\u00f3 la acci\u00f3n como conducta violenta y mostr\u00f3 la roja directa.<\/p>\n\n\n\n<p>La decisi\u00f3n desat\u00f3 la reacci\u00f3n del banquillo local. El entrenador Jos\u00e9 Barcal\u00e1 fue expulsado por protestar y tampoco podr\u00e1 estar en la vuelta.<\/p>\n\n\n\n<p>Con una jugadora m\u00e1s, el Bar\u00e7a tuvo una oportunidad clara para llevarse el triunfo. Patri dispuso de una ocasi\u00f3n a bal\u00f3n parado, Mapi Le\u00f3n exigi\u00f3 a Ena Mahmutovic con un disparo potente y Salma tuvo la \u00faltima del partido. Pero el Bayern resisti\u00f3 con determinaci\u00f3n, aferr\u00e1ndose al empate.<\/p>\n\n\n\n<p><strong>Protagonistas y lecturas del partido<\/strong><\/p>\n\n\n\n<p>El encuentro dej\u00f3 varias actuaciones destacadas. Patri Guijarro firm\u00f3 un partido completo, marcando el ritmo del juego y participando en el gol. Vicky L\u00f3pez aport\u00f3 movilidad hasta su sustituci\u00f3n, mientras que Cata Coll apareci\u00f3 en los momentos m\u00e1s delicados.<\/p>\n\n\n\n<p>En defensa, Mapi Le\u00f3n e Irene Paredes enfrentaron un partido exigente, especialmente en campo abierto. En el Bayern, Klara B\u00fchl fue elegida MVP por la UEFA, siendo clave como v\u00eda de escape y generadora de peligro constante.<\/p>\n\n\n\n<p><strong>Voces tras el empate<\/strong><\/p>\n\n\n\n<p>El an\u00e1lisis en zona mixta coincidi\u00f3 con lo visto sobre el c\u00e9sped. Alexia Putellas fue clara: \u201cHa sido un partido dif\u00edcil, como esper\u00e1bamos. Ellas son fuertes en casa. En la primera parte hemos aguantado el apret\u00f3n del final. Y en la segunda hemos tenido mucho m\u00e1s control\u201d. Y a\u00f1adi\u00f3: \u201cPodr\u00edamos haber marcado alg\u00fan gol m\u00e1s\u201d.<\/p>\n\n\n\n<p>Patri Guijarro tambi\u00e9n puso el foco en la falta de contundencia: \u201cHa sido un partido muy igualado. Hemos tenido mucha posesi\u00f3n, pero no hemos terminado de ser agresivas\u201d. Adem\u00e1s, subray\u00f3 el peligro del rival: \u201cEn las contras han hecho mucho da\u00f1o\u201d.<\/p>\n\n\n\n<p>Desde la porter\u00eda, Cata Coll dej\u00f3 el mensaje de cara a la vuelta: \u201cQuedan 90 minutos: una final adelantada. Nos lo dejaremos todo\u201d.<\/p>\n\n\n\n<p><strong>Todo se decide en Barcelona<\/strong><\/p>\n\n\n\n<p>El empate deja una doble lectura. Para el Bar\u00e7a, la sensaci\u00f3n de oportunidad perdida tras dominar con un 73% de posesi\u00f3n y 21 disparos frente a los 7 del Bayern. Para el conjunto alem\u00e1n, un resultado de supervivencia que refuerza su confianza.<\/p>\n\n\n\n<p>La vuelta se disputar\u00e1 el 3 de mayo en el Camp Nou, con el pase a la final en juego y un contexto condicionado: el Bayern no contar\u00e1 con Kett ni con Barcal\u00e1 en el banquillo.<\/p>\n\n\n\n<p>El Bar\u00e7a mantiene el control de la eliminatoria, pero en este nivel, dominar no alcanza. La diferencia est\u00e1 en cerrar. Y eso fue, precisamente, lo \u00fanico que le falt\u00f3 en M\u00fanich.<\/p>\n\n\n\n<figure class=\"wp-block-embed aligncenter is-type-video is-provider-youtube wp-block-embed-youtube wp-embed-aspect-16-9 wp-has-aspect-ratio\"><div class=\"wp-block-embed__wrapper\">\n<iframe title=\"BARCELONA EMPAT\u00d3 1-1 con BAYERN MUNICH en IDA de SEMIFINALES | Resumen | Champions League Femenina\" width=\"800\" height=\"450\" src=\"https:\/\/www.youtube.com\/embed\/gj4gv1e1fPo?feature=oembed\" frameborder=\"0\" allow=\"accelerometer; autoplay; clipboard-write; encrypted-media; gyroscope; picture-in-picture; web-share\" referrerpolicy=\"strict-origin-when-cross-origin\" allowfullscreen><\/iframe>\n<\/div><figcaption class=\"wp-element-caption\"><em>Video: ESPN.<\/em><\/figcaption><\/figure>","protected":false},"excerpt":{"rendered":"<p>El conjunto azulgrana fue superior, tuvo las mejores ocasiones y no logr\u00f3 capitalizar su dominio en el Allianz Arena de Alemania. Todo se definir\u00e1 en el Spotify Camp Nou. Por Tom\u00e1s Rouge (@tomas.rouge_ok) \/ Foto de portada: Bayern M\u00fanich. El primer asalto de las semifinales de la UEFA Women\u2019s Champions League entre el Barcelona y [&hellip;]<\/p>","protected":false},"author":11,"featured_media":10673,"comment_status":"open","ping_status":"open","sticky":false,"template":"","format":"standard","meta":{"footnotes":""},"categories":[51,1,48,819],"tags":[56,844,852,689,119,384,253],"class_list":["post-10666","post","type-post","status-publish","format-standard","has-post-thumbnail","hentry","category-internacional","category-lo_ultimo","category-noticia","category-uwcl","tag-barcelona","tag-bayern","tag-bayern-munich","tag-champions-league","tag-europa","tag-uefa","tag-uefa-womens-champions-league"],"yoast_head":"<!-- This site is optimized with the Yoast SEO plugin v22.1 - https:\/\/yoast.com\/wordpress\/plugins\/seo\/ -->\n<title>Barcelona y Bayern M\u00fanich igualaron 1-1 y dejaron abierta la primera semifinal de la UEFA Women\u2019s Champions League - feminafootball<\/title>\n<meta name=\"description\" content=\"El conjunto azulgrana fue superior, tuvo las mejores ocasiones y no logr\u00f3 capitalizar su dominio en el Allianz Arena de Alemania. Todo se definir\u00e1 en el Spotify Camp Nou.\" \/>\n<meta name=\"robots\" content=\"index, follow, max-snippet:-1, max-image-preview:large, max-video-preview:-1\" \/>\n<link rel=\"canonical\" href=\"https:\/\/www.feminafootball.com\/en\/lo_ultimo\/barcelona-y-bayern-munich-igualaron-1-1-y-dejaron-abierta-la-primera-semifinal-de-la-uefa-womens-champions-league\/\" \/>\n<meta property=\"og:locale\" content=\"en_US\" \/>\n<meta property=\"og:type\" content=\"article\" \/>\n<meta property=\"og:title\" content=\"Barcelona y Bayern M\u00fanich igualaron 1-1 y dejaron abierta la primera semifinal de la UEFA Women\u2019s Champions League - feminafootball\" \/>\n<meta property=\"og:description\" content=\"El conjunto azulgrana fue superior, tuvo las mejores ocasiones y no logr\u00f3 capitalizar su dominio en el Allianz Arena de Alemania. Todo se definir\u00e1 en el Spotify Camp Nou.\" \/>\n<meta property=\"og:url\" content=\"https:\/\/www.feminafootball.com\/en\/lo_ultimo\/barcelona-y-bayern-munich-igualaron-1-1-y-dejaron-abierta-la-primera-semifinal-de-la-uefa-womens-champions-league\/\" \/>\n<meta property=\"og:site_name\" content=\"feminafootball\" \/>\n<meta property=\"article:author\" content=\"https:\/\/www.facebook.com\/tomas.rouge\/?locale=es_LA\" \/>\n<meta property=\"article:published_time\" content=\"2026-04-26T03:48:36+00:00\" \/>\n<meta property=\"article:modified_time\" content=\"2026-04-26T03:48:37+00:00\" \/>\n<meta property=\"og:image\" content=\"https:\/\/www.feminafootball.com\/wp-content\/uploads\/2026\/04\/POSTS-25-1024x583.png\" \/>\n\t<meta property=\"og:image:width\" content=\"1024\" \/>\n\t<meta property=\"og:image:height\" content=\"583\" \/>\n\t<meta property=\"og:image:type\" content=\"image\/png\" \/>\n<meta name=\"author\" content=\"Tom\u00e1s Rouge\" \/>\n<meta name=\"twitter:card\" content=\"summary_large_image\" \/>\n<meta name=\"twitter:creator\" content=\"@tomas_rouge_ok\" \/>\n<meta name=\"twitter:label1\" content=\"Written by\" \/>\n\t<meta name=\"twitter:data1\" content=\"Tom\u00e1s Rouge\" \/>\n\t<meta name=\"twitter:label2\" content=\"Est. reading time\" \/>\n\t<meta name=\"twitter:data2\" content=\"5 minutes\" \/>\n<script type=\"application\/ld+json\" class=\"yoast-schema-graph\">{\"@context\":\"https:\/\/schema.org\",\"@graph\":[{\"@type\":\"Article\",\"@id\":\"https:\/\/www.feminafootball.com\/lo_ultimo\/barcelona-y-bayern-munich-igualaron-1-1-y-dejaron-abierta-la-primera-semifinal-de-la-uefa-womens-champions-league\/#article\",\"isPartOf\":{\"@id\":\"https:\/\/www.feminafootball.com\/lo_ultimo\/barcelona-y-bayern-munich-igualaron-1-1-y-dejaron-abierta-la-primera-semifinal-de-la-uefa-womens-champions-league\/\"},\"author\":{\"name\":\"Tom\u00e1s Rouge\",\"@id\":\"https:\/\/www.feminafootball.com\/#\/schema\/person\/b6b09353ffb27c60869116bf06bb2da8\"},\"headline\":\"Barcelona y Bayern M\u00fanich igualaron 1-1 y dejaron abierta la primera semifinal de la UEFA Women\u2019s Champions League\",\"datePublished\":\"2026-04-26T03:48:36+00:00\",\"dateModified\":\"2026-04-26T03:48:37+00:00\",\"mainEntityOfPage\":{\"@id\":\"https:\/\/www.feminafootball.com\/lo_ultimo\/barcelona-y-bayern-munich-igualaron-1-1-y-dejaron-abierta-la-primera-semifinal-de-la-uefa-womens-champions-league\/\"},\"wordCount\":1062,\"commentCount\":0,\"publisher\":{\"@id\":\"https:\/\/www.feminafootball.com\/#organization\"},\"keywords\":[\"Barcelona\",\"Bayern\",\"Bayern M\u00fanich\",\"Champions League\",\"Europa\",\"UEFA\",\"Uefa Women\u00b4s Champions League\"],\"articleSection\":[\"Internacional\",\"Lo \u00faltimo\",\"Noticia\",\"UWCL\"],\"inLanguage\":\"en-US\",\"potentialAction\":[{\"@type\":\"CommentAction\",\"name\":\"Comment\",\"target\":[\"https:\/\/www.feminafootball.com\/lo_ultimo\/barcelona-y-bayern-munich-igualaron-1-1-y-dejaron-abierta-la-primera-semifinal-de-la-uefa-womens-champions-league\/#respond\"]}]},{\"@type\":\"WebPage\",\"@id\":\"https:\/\/www.feminafootball.com\/lo_ultimo\/barcelona-y-bayern-munich-igualaron-1-1-y-dejaron-abierta-la-primera-semifinal-de-la-uefa-womens-champions-league\/\",\"url\":\"https:\/\/www.feminafootball.com\/lo_ultimo\/barcelona-y-bayern-munich-igualaron-1-1-y-dejaron-abierta-la-primera-semifinal-de-la-uefa-womens-champions-league\/\",\"name\":\"Barcelona y Bayern M\u00fanich igualaron 1-1 y dejaron abierta la primera semifinal de la UEFA Women\u2019s Champions League - feminafootball\",\"isPartOf\":{\"@id\":\"https:\/\/www.feminafootball.com\/#website\"},\"datePublished\":\"2026-04-26T03:48:36+00:00\",\"dateModified\":\"2026-04-26T03:48:37+00:00\",\"description\":\"El conjunto azulgrana fue superior, tuvo las mejores ocasiones y no logr\u00f3 capitalizar su dominio en el Allianz Arena de Alemania. Todo se definir\u00e1 en el Spotify Camp Nou.\",\"breadcrumb\":{\"@id\":\"https:\/\/www.feminafootball.com\/lo_ultimo\/barcelona-y-bayern-munich-igualaron-1-1-y-dejaron-abierta-la-primera-semifinal-de-la-uefa-womens-champions-league\/#breadcrumb\"},\"inLanguage\":\"en-US\",\"potentialAction\":[{\"@type\":\"ReadAction\",\"target\":[\"https:\/\/www.feminafootball.com\/lo_ultimo\/barcelona-y-bayern-munich-igualaron-1-1-y-dejaron-abierta-la-primera-semifinal-de-la-uefa-womens-champions-league\/\"]}]},{\"@type\":\"BreadcrumbList\",\"@id\":\"https:\/\/www.feminafootball.com\/lo_ultimo\/barcelona-y-bayern-munich-igualaron-1-1-y-dejaron-abierta-la-primera-semifinal-de-la-uefa-womens-champions-league\/#breadcrumb\",\"itemListElement\":[{\"@type\":\"ListItem\",\"position\":1,\"name\":\"Portada\",\"item\":\"https:\/\/www.feminafootball.com\/\"},{\"@type\":\"ListItem\",\"position\":2,\"name\":\"Barcelona y Bayern M\u00fanich igualaron 1-1 y dejaron abierta la primera semifinal de la UEFA Women\u2019s Champions League\"}]},{\"@type\":\"WebSite\",\"@id\":\"https:\/\/www.feminafootball.com\/#website\",\"url\":\"https:\/\/www.feminafootball.com\/\",\"name\":\"feminafootball\",\"description\":\"Medio especializado en el cubrimiento internacional de f\u00fatbol femenino\",\"publisher\":{\"@id\":\"https:\/\/www.feminafootball.com\/#organization\"},\"potentialAction\":[{\"@type\":\"SearchAction\",\"target\":{\"@type\":\"EntryPoint\",\"urlTemplate\":\"https:\/\/www.feminafootball.com\/?s={search_term_string}\"},\"query-input\":\"required name=search_term_string\"}],\"inLanguage\":\"en-US\"},{\"@type\":\"Organization\",\"@id\":\"https:\/\/www.feminafootball.com\/#organization\",\"name\":\"feminafootball\",\"url\":\"https:\/\/www.feminafootball.com\/\",\"logo\":{\"@type\":\"ImageObject\",\"inLanguage\":\"en-US\",\"@id\":\"https:\/\/www.feminafootball.com\/#\/schema\/logo\/image\/\",\"url\":\"https:\/\/www.feminafootball.com\/wp-content\/uploads\/2024\/02\/cropped-logo-Femina-Futbol2.png\",\"contentUrl\":\"https:\/\/www.feminafootball.com\/wp-content\/uploads\/2024\/02\/cropped-logo-Femina-Futbol2.png\",\"width\":538,\"height\":534,\"caption\":\"feminafootball\"},\"image\":{\"@id\":\"https:\/\/www.feminafootball.com\/#\/schema\/logo\/image\/\"}},{\"@type\":\"Person\",\"@id\":\"https:\/\/www.feminafootball.com\/#\/schema\/person\/b6b09353ffb27c60869116bf06bb2da8\",\"name\":\"Tom\u00e1s Rouge\",\"image\":{\"@type\":\"ImageObject\",\"inLanguage\":\"en-US\",\"@id\":\"https:\/\/www.feminafootball.com\/#\/schema\/person\/image\/\",\"url\":\"https:\/\/secure.gravatar.com\/avatar\/15b195d3a00cec044345dca6e7140332dc3b56064e84f4794f898aca36deff5c?s=96&d=mm&r=g\",\"contentUrl\":\"https:\/\/secure.gravatar.com\/avatar\/15b195d3a00cec044345dca6e7140332dc3b56064e84f4794f898aca36deff5c?s=96&d=mm&r=g\",\"caption\":\"Tom\u00e1s Rouge\"},\"description\":\"Periodista de Argentina | Redactor de Diario Ol\u00e9 | Rumbo a #LA2028 | Cubro F\u00fatbol Femenino en F\u00e9mina Football de Colombia (corresponsal desde Argentina) | CM y productor de @Argentina_En_La_Cancha | Trabaj\u00e9 en FM Late 93.1 | Soy de Buenos Aires.\",\"sameAs\":[\"https:\/\/linktr.ee\/tomas.rouge\",\"https:\/\/www.facebook.com\/tomas.rouge\/?locale=es_LA\",\"https:\/\/www.instagram.com\/tomas.rouge_ok\/?hl=es\",\"https:\/\/www.linkedin.com\/in\/toms-rouge-072459177\/?originalSubdomain=ar\",\"https:\/\/twitter.com\/tomas_rouge_ok\",\"https:\/\/www.youtube.com\/@tomasrougeperiodista1723\"],\"url\":\"https:\/\/www.feminafootball.com\/en\/author\/tomas-rouge\/\"}]}<\/script>\n<!-- \/ Yoast SEO plugin. -->","yoast_head_json":{"title":"Barcelona y Bayern M\u00fanich igualaron 1-1 y dejaron abierta la primera semifinal de la UEFA Women\u2019s Champions League - feminafootball","description":"El conjunto azulgrana fue superior, tuvo las mejores ocasiones y no logr\u00f3 capitalizar su dominio en el Allianz Arena de Alemania. Todo se definir\u00e1 en el Spotify Camp Nou.","robots":{"index":"index","follow":"follow","max-snippet":"max-snippet:-1","max-image-preview":"max-image-preview:large","max-video-preview":"max-video-preview:-1"},"canonical":"https:\/\/www.feminafootball.com\/en\/lo_ultimo\/barcelona-y-bayern-munich-igualaron-1-1-y-dejaron-abierta-la-primera-semifinal-de-la-uefa-womens-champions-league\/","og_locale":"en_US","og_type":"article","og_title":"Barcelona y Bayern M\u00fanich igualaron 1-1 y dejaron abierta la primera semifinal de la UEFA Women\u2019s Champions League - feminafootball","og_description":"El conjunto azulgrana fue superior, tuvo las mejores ocasiones y no logr\u00f3 capitalizar su dominio en el Allianz Arena de Alemania. Todo se definir\u00e1 en el Spotify Camp Nou.","og_url":"https:\/\/www.feminafootball.com\/en\/lo_ultimo\/barcelona-y-bayern-munich-igualaron-1-1-y-dejaron-abierta-la-primera-semifinal-de-la-uefa-womens-champions-league\/","og_site_name":"feminafootball","article_author":"https:\/\/www.facebook.com\/tomas.rouge\/?locale=es_LA","article_published_time":"2026-04-26T03:48:36+00:00","article_modified_time":"2026-04-26T03:48:37+00:00","og_image":[{"width":1024,"height":583,"url":"https:\/\/www.feminafootball.com\/wp-content\/uploads\/2026\/04\/POSTS-25-1024x583.png","type":"image\/png"}],"author":"Tom\u00e1s Rouge","twitter_card":"summary_large_image","twitter_creator":"@tomas_rouge_ok","twitter_misc":{"Written by":"Tom\u00e1s Rouge","Est. reading time":"5 minutes"},"schema":{"@context":"https:\/\/schema.org","@graph":[{"@type":"Article","@id":"https:\/\/www.feminafootball.com\/lo_ultimo\/barcelona-y-bayern-munich-igualaron-1-1-y-dejaron-abierta-la-primera-semifinal-de-la-uefa-womens-champions-league\/#article","isPartOf":{"@id":"https:\/\/www.feminafootball.com\/lo_ultimo\/barcelona-y-bayern-munich-igualaron-1-1-y-dejaron-abierta-la-primera-semifinal-de-la-uefa-womens-champions-league\/"},"author":{"name":"Tom\u00e1s Rouge","@id":"https:\/\/www.feminafootball.com\/#\/schema\/person\/b6b09353ffb27c60869116bf06bb2da8"},"headline":"Barcelona y Bayern M\u00fanich igualaron 1-1 y dejaron abierta la primera semifinal de la UEFA Women\u2019s Champions League","datePublished":"2026-04-26T03:48:36+00:00","dateModified":"2026-04-26T03:48:37+00:00","mainEntityOfPage":{"@id":"https:\/\/www.feminafootball.com\/lo_ultimo\/barcelona-y-bayern-munich-igualaron-1-1-y-dejaron-abierta-la-primera-semifinal-de-la-uefa-womens-champions-league\/"},"wordCount":1062,"commentCount":0,"publisher":{"@id":"https:\/\/www.feminafootball.com\/#organization"},"keywords":["Barcelona","Bayern","Bayern M\u00fanich","Champions League","Europa","UEFA","Uefa Women\u00b4s Champions League"],"articleSection":["Internacional","Lo \u00faltimo","Noticia","UWCL"],"inLanguage":"en-US","potentialAction":[{"@type":"CommentAction","name":"Comment","target":["https:\/\/www.feminafootball.com\/lo_ultimo\/barcelona-y-bayern-munich-igualaron-1-1-y-dejaron-abierta-la-primera-semifinal-de-la-uefa-womens-champions-league\/#respond"]}]},{"@type":"WebPage","@id":"https:\/\/www.feminafootball.com\/lo_ultimo\/barcelona-y-bayern-munich-igualaron-1-1-y-dejaron-abierta-la-primera-semifinal-de-la-uefa-womens-champions-league\/","url":"https:\/\/www.feminafootball.com\/lo_ultimo\/barcelona-y-bayern-munich-igualaron-1-1-y-dejaron-abierta-la-primera-semifinal-de-la-uefa-womens-champions-league\/","name":"Barcelona y Bayern M\u00fanich igualaron 1-1 y dejaron abierta la primera semifinal de la UEFA Women\u2019s Champions League - feminafootball","isPartOf":{"@id":"https:\/\/www.feminafootball.com\/#website"},"datePublished":"2026-04-26T03:48:36+00:00","dateModified":"2026-04-26T03:48:37+00:00","description":"El conjunto azulgrana fue superior, tuvo las mejores ocasiones y no logr\u00f3 capitalizar su dominio en el Allianz Arena de Alemania. Todo se definir\u00e1 en el Spotify Camp Nou.","breadcrumb":{"@id":"https:\/\/www.feminafootball.com\/lo_ultimo\/barcelona-y-bayern-munich-igualaron-1-1-y-dejaron-abierta-la-primera-semifinal-de-la-uefa-womens-champions-league\/#breadcrumb"},"inLanguage":"en-US","potentialAction":[{"@type":"ReadAction","target":["https:\/\/www.feminafootball.com\/lo_ultimo\/barcelona-y-bayern-munich-igualaron-1-1-y-dejaron-abierta-la-primera-semifinal-de-la-uefa-womens-champions-league\/"]}]},{"@type":"BreadcrumbList","@id":"https:\/\/www.feminafootball.com\/lo_ultimo\/barcelona-y-bayern-munich-igualaron-1-1-y-dejaron-abierta-la-primera-semifinal-de-la-uefa-womens-champions-league\/#breadcrumb","itemListElement":[{"@type":"ListItem","position":1,"name":"Portada","item":"https:\/\/www.feminafootball.com\/"},{"@type":"ListItem","position":2,"name":"Barcelona y Bayern M\u00fanich igualaron 1-1 y dejaron abierta la primera semifinal de la UEFA Women\u2019s Champions League"}]},{"@type":"WebSite","@id":"https:\/\/www.feminafootball.com\/#website","url":"https:\/\/www.feminafootball.com\/","name":"feminafootball","description":"Medio especializado en el cubrimiento internacional de f\u00fatbol femenino","publisher":{"@id":"https:\/\/www.feminafootball.com\/#organization"},"potentialAction":[{"@type":"SearchAction","target":{"@type":"EntryPoint","urlTemplate":"https:\/\/www.feminafootball.com\/?s={search_term_string}"},"query-input":"required name=search_term_string"}],"inLanguage":"en-US"},{"@type":"Organization","@id":"https:\/\/www.feminafootball.com\/#organization","name":"feminafootball","url":"https:\/\/www.feminafootball.com\/","logo":{"@type":"ImageObject","inLanguage":"en-US","@id":"https:\/\/www.feminafootball.com\/#\/schema\/logo\/image\/","url":"https:\/\/www.feminafootball.com\/wp-content\/uploads\/2024\/02\/cropped-logo-Femina-Futbol2.png","contentUrl":"https:\/\/www.feminafootball.com\/wp-content\/uploads\/2024\/02\/cropped-logo-Femina-Futbol2.png","width":538,"height":534,"caption":"feminafootball"},"image":{"@id":"https:\/\/www.feminafootball.com\/#\/schema\/logo\/image\/"}},{"@type":"Person","@id":"https:\/\/www.feminafootball.com\/#\/schema\/person\/b6b09353ffb27c60869116bf06bb2da8","name":"Tom\u00e1s Rouge","image":{"@type":"ImageObject","inLanguage":"en-US","@id":"https:\/\/www.feminafootball.com\/#\/schema\/person\/image\/","url":"https:\/\/secure.gravatar.com\/avatar\/15b195d3a00cec044345dca6e7140332dc3b56064e84f4794f898aca36deff5c?s=96&d=mm&r=g","contentUrl":"https:\/\/secure.gravatar.com\/avatar\/15b195d3a00cec044345dca6e7140332dc3b56064e84f4794f898aca36deff5c?s=96&d=mm&r=g","caption":"Tom\u00e1s Rouge"},"description":"Periodista de Argentina | Redactor de Diario Ol\u00e9 | Rumbo a #LA2028 | Cubro F\u00fatbol Femenino en F\u00e9mina Football de Colombia (corresponsal desde Argentina) | CM y productor de @Argentina_En_La_Cancha | Trabaj\u00e9 en FM Late 93.1 | Soy de Buenos Aires.","sameAs":["https:\/\/linktr.ee\/tomas.rouge","https:\/\/www.facebook.com\/tomas.rouge\/?locale=es_LA","https:\/\/www.instagram.com\/tomas.rouge_ok\/?hl=es","https:\/\/www.linkedin.com\/in\/toms-rouge-072459177\/?originalSubdomain=ar","https:\/\/twitter.com\/tomas_rouge_ok","https:\/\/www.youtube.com\/@tomasrougeperiodista1723"],"url":"https:\/\/www.feminafootball.com\/en\/author\/tomas-rouge\/"}]}},"_links":{"self":[{"href":"https:\/\/www.feminafootball.com\/en\/wp-json\/wp\/v2\/posts\/10666","targetHints":{"allow":["GET"]}}],"collection":[{"href":"https:\/\/www.feminafootball.com\/en\/wp-json\/wp\/v2\/posts"}],"about":[{"href":"https:\/\/www.feminafootball.com\/en\/wp-json\/wp\/v2\/types\/post"}],"author":[{"embeddable":true,"href":"https:\/\/www.feminafootball.com\/en\/wp-json\/wp\/v2\/users\/11"}],"replies":[{"embeddable":true,"href":"https:\/\/www.feminafootball.com\/en\/wp-json\/wp\/v2\/comments?post=10666"}],"version-history":[{"count":7,"href":"https:\/\/www.feminafootball.com\/en\/wp-json\/wp\/v2\/posts\/10666\/revisions"}],"predecessor-version":[{"id":10674,"href":"https:\/\/www.feminafootball.com\/en\/wp-json\/wp\/v2\/posts\/10666\/revisions\/10674"}],"wp:featuredmedia":[{"embeddable":true,"href":"https:\/\/www.feminafootball.com\/en\/wp-json\/wp\/v2\/media\/10673"}],"wp:attachment":[{"href":"https:\/\/www.feminafootball.com\/en\/wp-json\/wp\/v2\/media?parent=10666"}],"wp:term":[{"taxonomy":"category","embeddable":true,"href":"https:\/\/www.feminafootball.com\/en\/wp-json\/wp\/v2\/categories?post=10666"},{"taxonomy":"post_tag","embeddable":true,"href":"https:\/\/www.feminafootball.com\/en\/wp-json\/wp\/v2\/tags?post=10666"}],"curies":[{"name":"wp","href":"https:\/\/api.w.org\/{rel}","templated":true}]}}