{"id":10621,"date":"2026-04-24T23:26:58","date_gmt":"2026-04-24T23:26:58","guid":{"rendered":"https:\/\/www.feminafootball.com\/?p=10621"},"modified":"2026-04-24T23:26:59","modified_gmt":"2026-04-24T23:26:59","slug":"la-bota-de-oro-femenina-sera-una-realidad-en-europa-desde-la-temporada-2026-2027","status":"publish","type":"post","link":"https:\/\/www.feminafootball.com\/en\/lo_ultimo\/la-bota-de-oro-femenina-sera-una-realidad-en-europa-desde-la-temporada-2026-2027\/","title":{"rendered":"La Bota de Oro femenina ser\u00e1 una realidad en Europa desde la temporada 2026-2027"},"content":{"rendered":"<h2 class=\"wp-block-heading\">La ESM avanza en la creaci\u00f3n del premio que reconocer\u00e1 a la m\u00e1xima goleadora de las ligas europeas y definir\u00e1 su sistema de puntuaci\u00f3n en mayo.<\/h2>\n\n\n\n<p><em>Por Tom\u00e1s Rouge (@tomas.rouge_ok) \/ Foto de portada: Marca.<\/em><\/p>\n\n\n\n<p>El f\u00fatbol femenino europeo sumar\u00e1, a partir de la pr\u00f3xima temporada, un reconocimiento que durante d\u00e9cadas fue exclusivo del circuito masculino. La European Sports Media confirm\u00f3 la creaci\u00f3n de la Bota de Oro femenina, un galard\u00f3n que distinguir\u00e1 a la m\u00e1xima goleadora de las ligas del continente.<\/p>\n\n\n\n<p>La decisi\u00f3n se tom\u00f3 en el marco de la Asamblea General celebrada en el Puskas Arena, un escenario simb\u00f3lico por tratarse de la sede de la final de la UEFA Champions League. All\u00ed, representantes de medios influyentes como MARCA, La Gazzetta dello Sport, Kicker, A Bola y World Soccer debatieron los pr\u00f3ximos pasos de una iniciativa que busca consolidarse como referencia.<\/p>\n\n\n\n<p><strong>Un premio con historia que ampl\u00eda su alcance<\/strong><\/p>\n\n\n\n<p>La Bota de Oro es uno de los premios individuales m\u00e1s prestigiosos del f\u00fatbol europeo. Se entrega desde 1968 al m\u00e1ximo goleador de las ligas del continente en la rama masculina, bajo un sistema de coeficientes que pondera la dificultad de cada competencia.<\/p>\n\n\n\n<p>Ahora, ese mismo concepto comenzar\u00e1 a aplicarse en el f\u00fatbol femenino. La implementaci\u00f3n est\u00e1 prevista para la temporada 2026-2027, aunque su aprobaci\u00f3n definitiva se dar\u00e1 en la pr\u00f3xima asamblea de mayo, donde se establecer\u00e1n los criterios de puntuaci\u00f3n por gol para las distintas ligas.<\/p>\n\n\n<div class=\"wp-block-image\">\n<figure class=\"aligncenter\"><img decoding=\"async\" src=\"https:\/\/objetos-xlk.estaticos-marca.com\/uploads\/2026\/04\/23\/69ea0c16018e6.jpeg\" alt=\"La ESM se reuni\u00f3 en el Puskas Arena, en el escenario de la final de la Champions\" \/><figcaption class=\"wp-element-caption\"><em>La ESM impulsa un galard\u00f3n que puede transformar el mapa competitivo (Foto: Marca).<\/em><\/figcaption><\/figure>\n<\/div>\n\n\n<p><strong>Un proceso en construcci\u00f3n<\/strong><\/p>\n\n\n\n<p>El desaf\u00edo inmediato ser\u00e1 definir un sistema justo y representativo. No todas las ligas presentan el mismo nivel competitivo, por lo que la ESM trabaja en la construcci\u00f3n de un modelo que contemple esas diferencias, tal como ocurre en el formato masculino.<\/p>\n\n\n\n<p>Hasta entonces, la organizaci\u00f3n continuar\u00e1 desarrollando los detalles t\u00e9cnicos que permitan determinar qu\u00e9 jugadora se consagrar\u00e1 como la m\u00e1xima goleadora de Europa en cada temporada.<\/p>\n\n\n\n<p><strong>Impacto en el crecimiento del f\u00fatbol femenino<\/strong><\/p>\n\n\n\n<p>La creaci\u00f3n de este galard\u00f3n no es un hecho aislado, sino que se inscribe dentro de un proceso de expansi\u00f3n sostenida del f\u00fatbol femenino a nivel global. La profesionalizaci\u00f3n de las ligas, el aumento de audiencias y la consolidaci\u00f3n de figuras internacionales generaron un contexto propicio para este tipo de reconocimientos.<\/p>\n\n\n\n<p>En ese sentido, la Bota de Oro femenina no solo premiar\u00e1 el rendimiento individual, sino que tambi\u00e9n funcionar\u00e1 como una herramienta de visibilidad. Poner en valor a las goleadoras implica reforzar el atractivo de las competiciones y potenciar el inter\u00e9s del p\u00fablico.<\/p>\n\n\n\n<p><strong>Un ecosistema que se fortalece<\/strong><\/p>\n\n\n\n<p>El anuncio se dio en paralelo a otras discusiones estrat\u00e9gicas dentro de la ESM, que reafirm\u00f3 su compromiso con el desarrollo del deporte y la estabilidad institucional. La continuidad de su actual estructura directiva, con Gy\u00f6rgy Sz\u00f6llosi al frente, acompa\u00f1ado por Juan Ignacio Gallardo y Benjamin Hofmann como vicepresidentes, apunta a sostener una l\u00ednea de crecimiento progresivo.<\/p>\n\n\n\n<p>Adem\u00e1s, el encuentro se desarroll\u00f3 en el contexto del Foro de F\u00fatbol de Hungr\u00eda, un espacio que reuni\u00f3 a distintos actores de la industria para debatir sobre el presente y futuro del juego, incluyendo temas como el mercado de fichajes, el rol de los agentes y la influencia de la inteligencia artificial en la gesti\u00f3n deportiva.<\/p>\n\n\n\n<p><strong>Un reconocimiento necesario<\/strong><\/p>\n\n\n\n<p>La llegada de la Bota de Oro femenina responde a una demanda hist\u00f3rica. Durante a\u00f1os, el f\u00fatbol masculino cont\u00f3 con premios que consolidaron la figura de sus goleadores como s\u00edmbolos del juego. En el f\u00fatbol femenino, ese reconocimiento comenzar\u00e1 a tomar forma institucional a partir de esta iniciativa.<\/p>\n\n\n\n<p>M\u00e1s all\u00e1 de la premiaci\u00f3n individual, el impacto puede ser m\u00e1s amplio. El incentivo para las jugadoras, la proyecci\u00f3n medi\u00e1tica y la posibilidad de generar nuevas referencias para las futuras generaciones forman parte de un mismo proceso.<\/p>\n\n\n\n<p><strong>Lo que viene<\/strong><\/p>\n\n\n\n<p>Con la confirmaci\u00f3n de la ESM, el siguiente paso ser\u00e1 la aprobaci\u00f3n formal en mayo y la definici\u00f3n del sistema de puntuaci\u00f3n. A partir de ah\u00ed, el f\u00fatbol femenino europeo incorporar\u00e1 un nuevo elemento en su estructura competitiva.<\/p>\n\n\n\n<p>La Bota de Oro femenina no solo llega para reconocer goles. Llega para consolidar un camino que, en los \u00faltimos a\u00f1os, no dej\u00f3 de crecer.<\/p>","protected":false},"excerpt":{"rendered":"<p>La ESM avanza en la creaci\u00f3n del premio que reconocer\u00e1 a la m\u00e1xima goleadora de las ligas europeas y definir\u00e1 su sistema de puntuaci\u00f3n en mayo. Por Tom\u00e1s Rouge (@tomas.rouge_ok) \/ Foto de portada: Marca. El f\u00fatbol femenino europeo sumar\u00e1, a partir de la pr\u00f3xima temporada, un reconocimiento que durante d\u00e9cadas fue exclusivo del circuito [&hellip;]<\/p>","protected":false},"author":11,"featured_media":10626,"comment_status":"open","ping_status":"open","sticky":false,"template":"","format":"standard","meta":{"footnotes":""},"categories":[51,1,48],"tags":[],"class_list":["post-10621","post","type-post","status-publish","format-standard","has-post-thumbnail","hentry","category-internacional","category-lo_ultimo","category-noticia"],"yoast_head":"<!-- This site is optimized with the Yoast SEO plugin v22.1 - https:\/\/yoast.com\/wordpress\/plugins\/seo\/ -->\n<title>La Bota de Oro femenina ser\u00e1 una realidad en Europa desde la temporada 2026-2027 - feminafootball<\/title>\n<meta name=\"description\" content=\"La ESM avanza en la creaci\u00f3n del premio que reconocer\u00e1 a la m\u00e1xima goleadora de las ligas europeas y definir\u00e1 su sistema de puntuaci\u00f3n en mayo.\" \/>\n<meta name=\"robots\" content=\"index, follow, max-snippet:-1, max-image-preview:large, max-video-preview:-1\" \/>\n<link rel=\"canonical\" href=\"https:\/\/www.feminafootball.com\/en\/lo_ultimo\/la-bota-de-oro-femenina-sera-una-realidad-en-europa-desde-la-temporada-2026-2027\/\" \/>\n<meta property=\"og:locale\" content=\"en_US\" \/>\n<meta property=\"og:type\" content=\"article\" \/>\n<meta property=\"og:title\" content=\"La Bota de Oro femenina ser\u00e1 una realidad en Europa desde la temporada 2026-2027 - feminafootball\" \/>\n<meta property=\"og:description\" content=\"La ESM avanza en la creaci\u00f3n del premio que reconocer\u00e1 a la m\u00e1xima goleadora de las ligas europeas y definir\u00e1 su sistema de puntuaci\u00f3n en mayo.\" \/>\n<meta property=\"og:url\" content=\"https:\/\/www.feminafootball.com\/en\/lo_ultimo\/la-bota-de-oro-femenina-sera-una-realidad-en-europa-desde-la-temporada-2026-2027\/\" \/>\n<meta property=\"og:site_name\" content=\"feminafootball\" \/>\n<meta property=\"article:author\" content=\"https:\/\/www.facebook.com\/tomas.rouge\/?locale=es_LA\" \/>\n<meta property=\"article:published_time\" content=\"2026-04-24T23:26:58+00:00\" \/>\n<meta property=\"article:modified_time\" content=\"2026-04-24T23:26:59+00:00\" \/>\n<meta property=\"og:image\" content=\"https:\/\/www.feminafootball.com\/wp-content\/uploads\/2026\/04\/POSTS-23-1024x583.png\" \/>\n\t<meta property=\"og:image:width\" content=\"1024\" \/>\n\t<meta property=\"og:image:height\" content=\"583\" \/>\n\t<meta property=\"og:image:type\" content=\"image\/png\" \/>\n<meta name=\"author\" content=\"Tom\u00e1s Rouge\" \/>\n<meta name=\"twitter:card\" content=\"summary_large_image\" \/>\n<meta name=\"twitter:creator\" content=\"@tomas_rouge_ok\" \/>\n<meta name=\"twitter:label1\" content=\"Written by\" \/>\n\t<meta name=\"twitter:data1\" content=\"Tom\u00e1s Rouge\" \/>\n\t<meta name=\"twitter:label2\" content=\"Est. reading time\" \/>\n\t<meta name=\"twitter:data2\" content=\"4 minutes\" \/>\n<script type=\"application\/ld+json\" class=\"yoast-schema-graph\">{\"@context\":\"https:\/\/schema.org\",\"@graph\":[{\"@type\":\"Article\",\"@id\":\"https:\/\/www.feminafootball.com\/lo_ultimo\/la-bota-de-oro-femenina-sera-una-realidad-en-europa-desde-la-temporada-2026-2027\/#article\",\"isPartOf\":{\"@id\":\"https:\/\/www.feminafootball.com\/lo_ultimo\/la-bota-de-oro-femenina-sera-una-realidad-en-europa-desde-la-temporada-2026-2027\/\"},\"author\":{\"name\":\"Tom\u00e1s Rouge\",\"@id\":\"https:\/\/www.feminafootball.com\/#\/schema\/person\/b6b09353ffb27c60869116bf06bb2da8\"},\"headline\":\"La Bota de Oro femenina ser\u00e1 una realidad en Europa desde la temporada 2026-2027\",\"datePublished\":\"2026-04-24T23:26:58+00:00\",\"dateModified\":\"2026-04-24T23:26:59+00:00\",\"mainEntityOfPage\":{\"@id\":\"https:\/\/www.feminafootball.com\/lo_ultimo\/la-bota-de-oro-femenina-sera-una-realidad-en-europa-desde-la-temporada-2026-2027\/\"},\"wordCount\":773,\"commentCount\":0,\"publisher\":{\"@id\":\"https:\/\/www.feminafootball.com\/#organization\"},\"articleSection\":[\"Internacional\",\"Lo \u00faltimo\",\"Noticia\"],\"inLanguage\":\"en-US\",\"potentialAction\":[{\"@type\":\"CommentAction\",\"name\":\"Comment\",\"target\":[\"https:\/\/www.feminafootball.com\/lo_ultimo\/la-bota-de-oro-femenina-sera-una-realidad-en-europa-desde-la-temporada-2026-2027\/#respond\"]}]},{\"@type\":\"WebPage\",\"@id\":\"https:\/\/www.feminafootball.com\/lo_ultimo\/la-bota-de-oro-femenina-sera-una-realidad-en-europa-desde-la-temporada-2026-2027\/\",\"url\":\"https:\/\/www.feminafootball.com\/lo_ultimo\/la-bota-de-oro-femenina-sera-una-realidad-en-europa-desde-la-temporada-2026-2027\/\",\"name\":\"La Bota de Oro femenina ser\u00e1 una realidad en Europa desde la temporada 2026-2027 - feminafootball\",\"isPartOf\":{\"@id\":\"https:\/\/www.feminafootball.com\/#website\"},\"datePublished\":\"2026-04-24T23:26:58+00:00\",\"dateModified\":\"2026-04-24T23:26:59+00:00\",\"description\":\"La ESM avanza en la creaci\u00f3n del premio que reconocer\u00e1 a la m\u00e1xima goleadora de las ligas europeas y definir\u00e1 su sistema de puntuaci\u00f3n en mayo.\",\"breadcrumb\":{\"@id\":\"https:\/\/www.feminafootball.com\/lo_ultimo\/la-bota-de-oro-femenina-sera-una-realidad-en-europa-desde-la-temporada-2026-2027\/#breadcrumb\"},\"inLanguage\":\"en-US\",\"potentialAction\":[{\"@type\":\"ReadAction\",\"target\":[\"https:\/\/www.feminafootball.com\/lo_ultimo\/la-bota-de-oro-femenina-sera-una-realidad-en-europa-desde-la-temporada-2026-2027\/\"]}]},{\"@type\":\"BreadcrumbList\",\"@id\":\"https:\/\/www.feminafootball.com\/lo_ultimo\/la-bota-de-oro-femenina-sera-una-realidad-en-europa-desde-la-temporada-2026-2027\/#breadcrumb\",\"itemListElement\":[{\"@type\":\"ListItem\",\"position\":1,\"name\":\"Portada\",\"item\":\"https:\/\/www.feminafootball.com\/\"},{\"@type\":\"ListItem\",\"position\":2,\"name\":\"La Bota de Oro femenina ser\u00e1 una realidad en Europa desde la temporada 2026-2027\"}]},{\"@type\":\"WebSite\",\"@id\":\"https:\/\/www.feminafootball.com\/#website\",\"url\":\"https:\/\/www.feminafootball.com\/\",\"name\":\"feminafootball\",\"description\":\"Medio especializado en el cubrimiento internacional de f\u00fatbol femenino\",\"publisher\":{\"@id\":\"https:\/\/www.feminafootball.com\/#organization\"},\"potentialAction\":[{\"@type\":\"SearchAction\",\"target\":{\"@type\":\"EntryPoint\",\"urlTemplate\":\"https:\/\/www.feminafootball.com\/?s={search_term_string}\"},\"query-input\":\"required name=search_term_string\"}],\"inLanguage\":\"en-US\"},{\"@type\":\"Organization\",\"@id\":\"https:\/\/www.feminafootball.com\/#organization\",\"name\":\"feminafootball\",\"url\":\"https:\/\/www.feminafootball.com\/\",\"logo\":{\"@type\":\"ImageObject\",\"inLanguage\":\"en-US\",\"@id\":\"https:\/\/www.feminafootball.com\/#\/schema\/logo\/image\/\",\"url\":\"https:\/\/www.feminafootball.com\/wp-content\/uploads\/2024\/02\/cropped-logo-Femina-Futbol2.png\",\"contentUrl\":\"https:\/\/www.feminafootball.com\/wp-content\/uploads\/2024\/02\/cropped-logo-Femina-Futbol2.png\",\"width\":538,\"height\":534,\"caption\":\"feminafootball\"},\"image\":{\"@id\":\"https:\/\/www.feminafootball.com\/#\/schema\/logo\/image\/\"}},{\"@type\":\"Person\",\"@id\":\"https:\/\/www.feminafootball.com\/#\/schema\/person\/b6b09353ffb27c60869116bf06bb2da8\",\"name\":\"Tom\u00e1s Rouge\",\"image\":{\"@type\":\"ImageObject\",\"inLanguage\":\"en-US\",\"@id\":\"https:\/\/www.feminafootball.com\/#\/schema\/person\/image\/\",\"url\":\"https:\/\/secure.gravatar.com\/avatar\/15b195d3a00cec044345dca6e7140332dc3b56064e84f4794f898aca36deff5c?s=96&d=mm&r=g\",\"contentUrl\":\"https:\/\/secure.gravatar.com\/avatar\/15b195d3a00cec044345dca6e7140332dc3b56064e84f4794f898aca36deff5c?s=96&d=mm&r=g\",\"caption\":\"Tom\u00e1s Rouge\"},\"description\":\"Periodista de Argentina | Redactor de Diario Ol\u00e9 | Rumbo a #LA2028 | Cubro F\u00fatbol Femenino en F\u00e9mina Football de Colombia (corresponsal desde Argentina) | CM y productor de @Argentina_En_La_Cancha | Trabaj\u00e9 en FM Late 93.1 | Soy de Buenos Aires.\",\"sameAs\":[\"https:\/\/linktr.ee\/tomas.rouge\",\"https:\/\/www.facebook.com\/tomas.rouge\/?locale=es_LA\",\"https:\/\/www.instagram.com\/tomas.rouge_ok\/?hl=es\",\"https:\/\/www.linkedin.com\/in\/toms-rouge-072459177\/?originalSubdomain=ar\",\"https:\/\/twitter.com\/tomas_rouge_ok\",\"https:\/\/www.youtube.com\/@tomasrougeperiodista1723\"],\"url\":\"https:\/\/www.feminafootball.com\/en\/author\/tomas-rouge\/\"}]}<\/script>\n<!-- \/ Yoast SEO plugin. -->","yoast_head_json":{"title":"La Bota de Oro femenina ser\u00e1 una realidad en Europa desde la temporada 2026-2027 - feminafootball","description":"La ESM avanza en la creaci\u00f3n del premio que reconocer\u00e1 a la m\u00e1xima goleadora de las ligas europeas y definir\u00e1 su sistema de puntuaci\u00f3n en mayo.","robots":{"index":"index","follow":"follow","max-snippet":"max-snippet:-1","max-image-preview":"max-image-preview:large","max-video-preview":"max-video-preview:-1"},"canonical":"https:\/\/www.feminafootball.com\/en\/lo_ultimo\/la-bota-de-oro-femenina-sera-una-realidad-en-europa-desde-la-temporada-2026-2027\/","og_locale":"en_US","og_type":"article","og_title":"La Bota de Oro femenina ser\u00e1 una realidad en Europa desde la temporada 2026-2027 - feminafootball","og_description":"La ESM avanza en la creaci\u00f3n del premio que reconocer\u00e1 a la m\u00e1xima goleadora de las ligas europeas y definir\u00e1 su sistema de puntuaci\u00f3n en mayo.","og_url":"https:\/\/www.feminafootball.com\/en\/lo_ultimo\/la-bota-de-oro-femenina-sera-una-realidad-en-europa-desde-la-temporada-2026-2027\/","og_site_name":"feminafootball","article_author":"https:\/\/www.facebook.com\/tomas.rouge\/?locale=es_LA","article_published_time":"2026-04-24T23:26:58+00:00","article_modified_time":"2026-04-24T23:26:59+00:00","og_image":[{"width":1024,"height":583,"url":"https:\/\/www.feminafootball.com\/wp-content\/uploads\/2026\/04\/POSTS-23-1024x583.png","type":"image\/png"}],"author":"Tom\u00e1s Rouge","twitter_card":"summary_large_image","twitter_creator":"@tomas_rouge_ok","twitter_misc":{"Written by":"Tom\u00e1s Rouge","Est. reading time":"4 minutes"},"schema":{"@context":"https:\/\/schema.org","@graph":[{"@type":"Article","@id":"https:\/\/www.feminafootball.com\/lo_ultimo\/la-bota-de-oro-femenina-sera-una-realidad-en-europa-desde-la-temporada-2026-2027\/#article","isPartOf":{"@id":"https:\/\/www.feminafootball.com\/lo_ultimo\/la-bota-de-oro-femenina-sera-una-realidad-en-europa-desde-la-temporada-2026-2027\/"},"author":{"name":"Tom\u00e1s Rouge","@id":"https:\/\/www.feminafootball.com\/#\/schema\/person\/b6b09353ffb27c60869116bf06bb2da8"},"headline":"La Bota de Oro femenina ser\u00e1 una realidad en Europa desde la temporada 2026-2027","datePublished":"2026-04-24T23:26:58+00:00","dateModified":"2026-04-24T23:26:59+00:00","mainEntityOfPage":{"@id":"https:\/\/www.feminafootball.com\/lo_ultimo\/la-bota-de-oro-femenina-sera-una-realidad-en-europa-desde-la-temporada-2026-2027\/"},"wordCount":773,"commentCount":0,"publisher":{"@id":"https:\/\/www.feminafootball.com\/#organization"},"articleSection":["Internacional","Lo \u00faltimo","Noticia"],"inLanguage":"en-US","potentialAction":[{"@type":"CommentAction","name":"Comment","target":["https:\/\/www.feminafootball.com\/lo_ultimo\/la-bota-de-oro-femenina-sera-una-realidad-en-europa-desde-la-temporada-2026-2027\/#respond"]}]},{"@type":"WebPage","@id":"https:\/\/www.feminafootball.com\/lo_ultimo\/la-bota-de-oro-femenina-sera-una-realidad-en-europa-desde-la-temporada-2026-2027\/","url":"https:\/\/www.feminafootball.com\/lo_ultimo\/la-bota-de-oro-femenina-sera-una-realidad-en-europa-desde-la-temporada-2026-2027\/","name":"La Bota de Oro femenina ser\u00e1 una realidad en Europa desde la temporada 2026-2027 - feminafootball","isPartOf":{"@id":"https:\/\/www.feminafootball.com\/#website"},"datePublished":"2026-04-24T23:26:58+00:00","dateModified":"2026-04-24T23:26:59+00:00","description":"La ESM avanza en la creaci\u00f3n del premio que reconocer\u00e1 a la m\u00e1xima goleadora de las ligas europeas y definir\u00e1 su sistema de puntuaci\u00f3n en mayo.","breadcrumb":{"@id":"https:\/\/www.feminafootball.com\/lo_ultimo\/la-bota-de-oro-femenina-sera-una-realidad-en-europa-desde-la-temporada-2026-2027\/#breadcrumb"},"inLanguage":"en-US","potentialAction":[{"@type":"ReadAction","target":["https:\/\/www.feminafootball.com\/lo_ultimo\/la-bota-de-oro-femenina-sera-una-realidad-en-europa-desde-la-temporada-2026-2027\/"]}]},{"@type":"BreadcrumbList","@id":"https:\/\/www.feminafootball.com\/lo_ultimo\/la-bota-de-oro-femenina-sera-una-realidad-en-europa-desde-la-temporada-2026-2027\/#breadcrumb","itemListElement":[{"@type":"ListItem","position":1,"name":"Portada","item":"https:\/\/www.feminafootball.com\/"},{"@type":"ListItem","position":2,"name":"La Bota de Oro femenina ser\u00e1 una realidad en Europa desde la temporada 2026-2027"}]},{"@type":"WebSite","@id":"https:\/\/www.feminafootball.com\/#website","url":"https:\/\/www.feminafootball.com\/","name":"feminafootball","description":"Medio especializado en el cubrimiento internacional de f\u00fatbol femenino","publisher":{"@id":"https:\/\/www.feminafootball.com\/#organization"},"potentialAction":[{"@type":"SearchAction","target":{"@type":"EntryPoint","urlTemplate":"https:\/\/www.feminafootball.com\/?s={search_term_string}"},"query-input":"required name=search_term_string"}],"inLanguage":"en-US"},{"@type":"Organization","@id":"https:\/\/www.feminafootball.com\/#organization","name":"feminafootball","url":"https:\/\/www.feminafootball.com\/","logo":{"@type":"ImageObject","inLanguage":"en-US","@id":"https:\/\/www.feminafootball.com\/#\/schema\/logo\/image\/","url":"https:\/\/www.feminafootball.com\/wp-content\/uploads\/2024\/02\/cropped-logo-Femina-Futbol2.png","contentUrl":"https:\/\/www.feminafootball.com\/wp-content\/uploads\/2024\/02\/cropped-logo-Femina-Futbol2.png","width":538,"height":534,"caption":"feminafootball"},"image":{"@id":"https:\/\/www.feminafootball.com\/#\/schema\/logo\/image\/"}},{"@type":"Person","@id":"https:\/\/www.feminafootball.com\/#\/schema\/person\/b6b09353ffb27c60869116bf06bb2da8","name":"Tom\u00e1s Rouge","image":{"@type":"ImageObject","inLanguage":"en-US","@id":"https:\/\/www.feminafootball.com\/#\/schema\/person\/image\/","url":"https:\/\/secure.gravatar.com\/avatar\/15b195d3a00cec044345dca6e7140332dc3b56064e84f4794f898aca36deff5c?s=96&d=mm&r=g","contentUrl":"https:\/\/secure.gravatar.com\/avatar\/15b195d3a00cec044345dca6e7140332dc3b56064e84f4794f898aca36deff5c?s=96&d=mm&r=g","caption":"Tom\u00e1s Rouge"},"description":"Periodista de Argentina | Redactor de Diario Ol\u00e9 | Rumbo a #LA2028 | Cubro F\u00fatbol Femenino en F\u00e9mina Football de Colombia (corresponsal desde Argentina) | CM y productor de @Argentina_En_La_Cancha | Trabaj\u00e9 en FM Late 93.1 | Soy de Buenos Aires.","sameAs":["https:\/\/linktr.ee\/tomas.rouge","https:\/\/www.facebook.com\/tomas.rouge\/?locale=es_LA","https:\/\/www.instagram.com\/tomas.rouge_ok\/?hl=es","https:\/\/www.linkedin.com\/in\/toms-rouge-072459177\/?originalSubdomain=ar","https:\/\/twitter.com\/tomas_rouge_ok","https:\/\/www.youtube.com\/@tomasrougeperiodista1723"],"url":"https:\/\/www.feminafootball.com\/en\/author\/tomas-rouge\/"}]}},"_links":{"self":[{"href":"https:\/\/www.feminafootball.com\/en\/wp-json\/wp\/v2\/posts\/10621","targetHints":{"allow":["GET"]}}],"collection":[{"href":"https:\/\/www.feminafootball.com\/en\/wp-json\/wp\/v2\/posts"}],"about":[{"href":"https:\/\/www.feminafootball.com\/en\/wp-json\/wp\/v2\/types\/post"}],"author":[{"embeddable":true,"href":"https:\/\/www.feminafootball.com\/en\/wp-json\/wp\/v2\/users\/11"}],"replies":[{"embeddable":true,"href":"https:\/\/www.feminafootball.com\/en\/wp-json\/wp\/v2\/comments?post=10621"}],"version-history":[{"count":5,"href":"https:\/\/www.feminafootball.com\/en\/wp-json\/wp\/v2\/posts\/10621\/revisions"}],"predecessor-version":[{"id":10627,"href":"https:\/\/www.feminafootball.com\/en\/wp-json\/wp\/v2\/posts\/10621\/revisions\/10627"}],"wp:featuredmedia":[{"embeddable":true,"href":"https:\/\/www.feminafootball.com\/en\/wp-json\/wp\/v2\/media\/10626"}],"wp:attachment":[{"href":"https:\/\/www.feminafootball.com\/en\/wp-json\/wp\/v2\/media?parent=10621"}],"wp:term":[{"taxonomy":"category","embeddable":true,"href":"https:\/\/www.feminafootball.com\/en\/wp-json\/wp\/v2\/categories?post=10621"},{"taxonomy":"post_tag","embeddable":true,"href":"https:\/\/www.feminafootball.com\/en\/wp-json\/wp\/v2\/tags?post=10621"}],"curies":[{"name":"wp","href":"https:\/\/api.w.org\/{rel}","templated":true}]}}